{"id":226326,"date":"2025-07-04T19:05:10","date_gmt":"2025-07-04T19:05:10","guid":{"rendered":"https:\/\/www.europesays.com\/fr\/226326\/"},"modified":"2025-07-04T19:05:10","modified_gmt":"2025-07-04T19:05:10","slug":"decouvrez-la-liste-des-festivals-de-cet-ete-en-seine-maritime","status":"publish","type":"post","link":"https:\/\/www.europesays.com\/fr\/226326\/","title":{"rendered":"d\u00e9couvrez la liste des festivals de cet \u00e9t\u00e9 en Seine-Maritime"},"content":{"rendered":"<p>            Par<br \/>\n        <strong><br \/>\n            <a href=\"https:\/\/actu.fr\/auteur\/adrien-filoche\" title=\"Consulter tous les articles de Adrien Filoche\" rel=\"nofollow noopener\" target=\"_blank\">Adrien Filoche<\/a><br \/>\n        <\/strong><\/p>\n<p>        Publi\u00e9 le<\/p>\n<p>            4 juil. 2025 \u00e0 20h08        <\/p>\n<p>Le festival Arch\u00e9o Jazz, <a href=\"https:\/\/actu.fr\/normandie\/blainville-crevon_76100\/archeo-jazz-l-un-des-plus-anciens-festivals-de-france-revient-a-blainville-crevon-pour-une-48e-edition_62756276.html\" rel=\"nofollow noopener\" target=\"_blank\">\u00ab\u2009l\u2019un des plus anciens festivals de France\u2009\u00bb<\/a>, s\u2019est achev\u00e9 \u00e0 Blainville-Crevon le 28\u00a0juin, tandis qu\u2019un jour plus tard, c\u2019\u00e9tait au tour de<a href=\"https:\/\/actu.fr\/normandie\/sotteville-les-rouen_76681\/trois-jours-de-spectacles-insolites-viva-cite-grand-festival-des-arts-de-rue-revient-pres-de-rouen_62809160.html\" rel=\"nofollow noopener\" target=\"_blank\"> l\u2019incontournable festival Viva Cit\u00e9 \u00e0 Sotteville-l\u00e8s-Rouen<\/a>, de prendre fin. Pour autant, il y aura encore de quoi s\u2019amuser en <strong>Seine-Maritime le long des mois de juillet et d\u2019ao\u00fbt<\/strong>. Pour y voir plus clair, nous avons list\u00e9 les festivals de l\u2019\u00e9t\u00e9 sur le d\u00e9partement.<\/p>\n<p>Le Murmure du son \u00e0 Eu<\/p>\n<p class=\" wall-content\">Du 10 au 12\u00a0juillet, <a href=\"https:\/\/actu.fr\/normandie\/eu_76255\/depechez-vous-de-reserver-vos-places-pour-le-murmure-du-son-a-eu_62782706.html\" rel=\"nofollow noopener\" target=\"_blank\">le festival Le Murmure du Son<\/a> fait son grand retour \u00e0 Eu.<\/p>\n<p class=\" wall-content\">Les artistes se produiront place Isabelle d\u2019Orl\u00e9ans, en plein c\u0153ur de la ville. Sont annonc\u00e9s notamment Thomas Dutronc et Joey Starr le vendredi\u00a011, \u00e0 18h45 pour le premier et 21h45 pour le second, ou encore La Rue K\u00e9tanou \u00e0 18h30 le samedi\u00a012.<\/p>\n<p>Le programme complet est \u00e0 d\u00e9couvrir <a href=\"https:\/\/www.murmureduson.org\/\" rel=\"nofollow noopener\" target=\"_blank\">ici.<\/a>Un \u00c9t\u00e9 musical au Jardin<\/p>\n<p class=\" wall-content\">Du 6 au 27\u00a0juillet 2025, dans le cadre du festival \u00ab\u2009<strong>Un \u00c9t\u00e9 musical au Jardin<\/strong>\u2009\u00bb, la ville de Bois-Guilbert, au nord-est de Rouen, va accueillir tous les dimanches \u00e0 18\u00a0heures \u00ab\u2009diff\u00e9rents ensembles instrumentaux classiques et musiciens professionnels pour des concerts au c\u0153ur de la nature\u2009\u00bb, pr\u00e9sente Seine-Maritime Tourisme.<\/p>\n<p class=\" wall-content\">Pour ce petit festival, on retrouve deux formules\u2009: concert seul ou concert et cocktail d\u00eenatoire avec un chef, sur r\u00e9servation.<\/p>\n<p>Plus d\u2019informations <a href=\"https:\/\/www.seine-maritime-tourisme.com\/offres\/ete-musical-au-jardin-6e-edition-bois-guilbert-fr-5305556\/#:~:text=Festival%20%22Un%20%C3%89t%C3%A9%20musical%20au,la%20nature%20(dur%C3%A9e%201h15).\" rel=\"nofollow noopener\" target=\"_blank\">ici.<\/a>Les Musicales de Normandie dans l\u2019agglo de Rouen<\/p>\n<p class=\" wall-content\">Du 5\u00a0juillet au 31\u00a0ao\u00fbt, <strong>Les Musicales de Normandie<\/strong> vont animer l\u2019agglom\u00e9ration de Rouen avec une dizaine de concerts programm\u00e9s dans les monuments et lieux patrimoniaux du territoire, entre Rouen, Bihorel, Jumi\u00e8ges, Petit-Quevilly, ou encore Saint-Martin-du-Vivier. Pour les\u00a0passionn\u00e9s de musique classique, mais pas que.<\/p>\n<p>Le programme complet et les diff\u00e9rents concerts \u00e0 retrouver via <a href=\"https:\/\/www.visiterouen.com\/actualites\/au-rythme-des-temps-forts\/les-musicales-de-normandie\/#:~:text=Du%2017%20au%2031%20ao%C3%BBt,remarquables%20de%20notre%20M%C3%A9tropole%20rouennaise.\" rel=\"nofollow noopener\" target=\"_blank\">ce lien<\/a>Le Festival des Artistes Normands \u00e0 Bihorel<\/p>\n<p class=\" wall-content\">Le <strong>Festival des Artistes Normands (FAN)<\/strong> fait son grand retour cette ann\u00e9e, toujours \u00e0 <a href=\"https:\/\/actu.fr\/normandie\/bihorel_76095\/la-question-pas-si-bete-pourquoi-l-hippodrome-de-bihorel-s-appelle-t-il-les-trois-pipes_41556863.html\" rel=\"nofollow noopener\" target=\"_blank\">l\u2019hippodrome des Trois Pipes,<\/a> \u00e0 Bihorel. Programm\u00e9 les 29 et 30\u00a0ao\u00fbt 2025, ce festival familial de Seine-Maritime met en avant des artistes normands, comme son nom le laisse deviner.<\/p>\n<p class=\" wall-content\">L\u2019ann\u00e9e pr\u00e9c\u00e9dente, les festivaliers avaient notamment pu profiter de la venue de Fakear, Nuit Incolore ou encore Miel de Montagne. Le programme de l\u2019\u00e9dition 2025 n\u2019a pas encore \u00e9t\u00e9 annonc\u00e9. Les annonces seront \u00e0 suivre sur <a href=\"https:\/\/www.facebook.com\/events\/1123584772872525?acontext=%7B%22event_action_history%22%3A%5B%5D%7D\" rel=\"nofollow noopener\" target=\"_blank\">la page Facebook de l\u2019\u00e9v\u00e8nement.<\/a><\/p>\n<p>Les nuits seront suspendues au Havre<\/p>\n<p class=\" wall-content\">La musique revient aux Jardins Suspendus au Havre <strong>du 17 au 20 juillet 2025<\/strong>, avec cette ann\u00e9e, le concert du local et non moins connu Little Bob. Les r\u00e9servations pour les <a href=\"https:\/\/actu.fr\/loisirs-culture\/quatre-jours-de-concerts-aux-nuits-suspendues-au-havre-la-billetterie-est-ouverte_62655809.html\" rel=\"nofollow noopener\" target=\"_blank\">Nuits suspendues<\/a> sont ouvertes.<\/p>\n<p>B\u00e9ton au Havre, c\u2019est en septembre<\/p>\n<p class=\" wall-content\">Au Havre, le festival B\u00e9ton marque la fin de l\u2019\u00e9t\u00e9 et s\u2019inscrit dans le 20e anniversaire du centre-ville reconstruit par Auguste Perret apr\u00e8s guerre. <strong>Du 19 au 21 septembre 2025<\/strong>, musique et architecture feront bon m\u00e9nage. Parmi les temps forts, les concerts du Caennais <a href=\"https:\/\/actu.fr\/normandie\/le-havre_76351\/nouvelle-date-de-superpoze-en-concert-a-l-eglise-saint-joseph-du-havre-voici-quand_62713107.html\" rel=\"nofollow noopener\" target=\"_blank\">Superpoze<\/a> en l\u2019\u00e9glise Saint-Joseph du Havre.<\/p>\n<p>Infos et r\u00e9servations <a href=\"https:\/\/beton-lehavre.com\/\" rel=\"nofollow noopener\" target=\"_blank\">ici<\/a>.Et un petit bonus<\/p>\n<p class=\" wall-content\">Gratuit et programm\u00e9 le long de l\u2019\u00e9t\u00e9 \u00e0 Rouen, un <strong>festival de sons et de lumi\u00e8res<\/strong> se produit chaque soir sur la fa\u00e7ade de la cath\u00e9drale\u2009: c\u2019est le bien connu <a href=\"https:\/\/actu.fr\/normandie\/rouen_76540\/un-spectacle-quasi-inedit-a-l-affiche-de-cathedrale-de-lumiere-a-rouen-ce-que-nous-en-avons-pense_62714486.html\" rel=\"nofollow noopener\" target=\"_blank\">Cath\u00e9drale de lumi\u00e8re<\/a>. Cette ann\u00e9e, un nouveau spectacle in\u00e9dit est \u00e0 d\u00e9couvrir, m\u00ealant\u00a0disco et impressionnisme. Ce spectacle sera accompagn\u00e9 de celui sur les Vikings, que les Rouennais ont d\u00e9j\u00e0 pu d\u00e9couvrir lors des pr\u00e9c\u00e9dentes \u00e9ditions.<\/p>\n<p class=\" wall-content\">Suivez toute l\u2019actualit\u00e9 de vos villes et m\u00e9dias favoris en vous inscrivant \u00e0 <a href=\"https:\/\/moncompte.actu.fr\" title=\"D\u00e9couvez Mon Actu\" rel=\"nofollow noopener\" data-trk=\"{&quot;cta&quot;:{&quot;action&quot;:&quot;https:\\\/\\\/moncompte.actu.fr&quot;,&quot;category&quot;:&quot;mon compte&quot;,&quot;from&quot;:&quot;article footer&quot;,&quot;name&quot;:&quot;Mon actu&quot;,&quot;type&quot;:&quot;cta&quot;}}\" target=\"_blank\">Mon Actu<\/a>.<\/p>\n","protected":false},"excerpt":{"rendered":"Par Adrien Filoche Publi\u00e9 le 4 juil. 2025 \u00e0 20h08 Le festival Arch\u00e9o Jazz, \u00ab\u2009l\u2019un des plus anciens&hellip;\n","protected":false},"author":2,"featured_media":226327,"comment_status":"","ping_status":"","sticky":false,"template":"","format":"standard","meta":{"footnotes":""},"categories":[9587],"tags":[1111,11,1697,1777,674,1011,27,1652,12,5161,25,9590],"class_list":{"0":"post-226326","1":"post","2":"type-post","3":"status-publish","4":"format-standard","5":"has-post-thumbnail","7":"category-rouen","8":"tag-actu","9":"tag-actualites","10":"tag-concert","11":"tag-eu","12":"tag-europe","13":"tag-fr","14":"tag-france","15":"tag-loisirs-culture","16":"tag-news","17":"tag-normandie","18":"tag-republique-francaise","19":"tag-rouen"},"share_on_mastodon":{"url":"https:\/\/pubeurope.com\/@fr\/114796529116189512","error":""},"_links":{"self":[{"href":"https:\/\/www.europesays.com\/fr\/wp-json\/wp\/v2\/posts\/226326","targetHints":{"allow":["GET"]}}],"collection":[{"href":"https:\/\/www.europesays.com\/fr\/wp-json\/wp\/v2\/posts"}],"about":[{"href":"https:\/\/www.europesays.com\/fr\/wp-json\/wp\/v2\/types\/post"}],"author":[{"embeddable":true,"href":"https:\/\/www.europesays.com\/fr\/wp-json\/wp\/v2\/users\/2"}],"replies":[{"embeddable":true,"href":"https:\/\/www.europesays.com\/fr\/wp-json\/wp\/v2\/comments?post=226326"}],"version-history":[{"count":0,"href":"https:\/\/www.europesays.com\/fr\/wp-json\/wp\/v2\/posts\/226326\/revisions"}],"wp:featuredmedia":[{"embeddable":true,"href":"https:\/\/www.europesays.com\/fr\/wp-json\/wp\/v2\/media\/226327"}],"wp:attachment":[{"href":"https:\/\/www.europesays.com\/fr\/wp-json\/wp\/v2\/media?parent=226326"}],"wp:term":[{"taxonomy":"category","embeddable":true,"href":"https:\/\/www.europesays.com\/fr\/wp-json\/wp\/v2\/categories?post=226326"},{"taxonomy":"post_tag","embeddable":true,"href":"https:\/\/www.europesays.com\/fr\/wp-json\/wp\/v2\/tags?post=226326"}],"curies":[{"name":"wp","href":"https:\/\/api.w.org\/{rel}","templated":true}]}}