{"id":226332,"date":"2025-07-04T19:10:15","date_gmt":"2025-07-04T19:10:15","guid":{"rendered":"https:\/\/www.europesays.com\/fr\/226332\/"},"modified":"2025-07-04T19:10:15","modified_gmt":"2025-07-04T19:10:15","slug":"bac-2025-decouvrez-les-resultats-via-notre-moteur-de-recherche-maville-com-rennes","status":"publish","type":"post","link":"https:\/\/www.europesays.com\/fr\/226332\/","title":{"rendered":"Bac 2025 : d\u00e9couvrez les r\u00e9sultats via notre moteur de recherche &#8211; MaVille.com &#8211; Rennes"},"content":{"rendered":"<ol>\n<li><a href=\"https:\/\/news.google.com\/rss\/articles\/CBMiwwFBVV95cUxNallCMDZJWUZaR2VVZmhtNTd4elhSZUFOMlVId0VqVHRReHV0aFpVazRVRl9mWEkzbl91THZsd3RTaXl0STlyUnVRYi1IbndXQlBuVEpET1c1aFBNT2R6Ui1lOFR1RXlnVDV4YzQ5NFc3SFJzcmNlMURLSER1bVh3cUZjbzR2OFVJc01SaThhUzZfc1RKZzN4ODNOYnFhbDd0b0gtVnRYYk9ldUI0bFJOY01CZHZjZXJzNVVKZ0lEZDFaU1k?oc=5\" target=\"_blank\" rel=\"noopener\">Bac 2025 : d\u00e9couvrez les r\u00e9sultats via notre moteur de recherche<\/a>&nbsp;&nbsp;MaVille.com &#8211; Rennes<\/li>\n<li><a href=\"https:\/\/news.google.com\/rss\/articles\/CBMi4AFBVV95cUxQdk1wV3dZQ3cxV005N01XeGdkbWhnZDdIWWlyWmVzT3lKdGdNVlRWVV8tYmZwdmsxVDNhajBIMW5mejBNZ2Uzakp1VXc2VFJiSlZSRVZ1aDZmVVcyaEhWSnJaM2lBNmtobGFBc3JUQ28zSnN5QkhCdkN5NTFtaTE2bGpCTll1MHlmc3Z3ZHpmdk5falZnLWMyY09NQy1XTXQ4dktnb0JfcEpmaE95SUxQWmNHMnQyVzM3cXh3ZWMyald2aHJ4bk1PTHFIWm56LWVvcmtlYXN3aDlfeTZsT1BIWA?oc=5\" target=\"_blank\" rel=\"noopener\">Bac 2025 : bient\u00f4t les r\u00e9sultats pour 720 000 lyc\u00e9ens<\/a>&nbsp;&nbsp;Le Monde.fr<\/li>\n<li><a href=\"https:\/\/news.google.com\/rss\/articles\/CBMi8AFBVV95cUxOSmUtS3ItQ2lPbFctUF90N1cyYkFvMmpQRDVOX3BuUzVjenR6TDVUZzZ1eXpRallHaTRUTzFnUXc4cnRWMldOWHBhaXkxQ29jdUF6RVFkMk81YnF4Q3l3ZEdNUU5KREZDY0NpdDFuODA2LWMzbGtiS2Y3VTBlVUdQdDRaZE8xNmVfOG5ibm5Ec21KTHVTMm9GNDNUcEVXMG9hNXMydFBNbVlNTTFWSGJZeURKSlhvaHVYM3BuR0xhZGVEX0tMdEtpbnhCbmpxQ1VrOTJKMkJ0Y2x3aW4zNndxNTZMdm9JRU1fSXNJSzB4ejU?oc=5\" target=\"_blank\" rel=\"noopener\">REPORTAGE. Stress\u00e9s ou confiants, les lyc\u00e9ens de Saint-L\u00f4 ont d\u00e9couvert leur r\u00e9sultat du bac<\/a>&nbsp;&nbsp;Ouest-France<\/li>\n<li><a href=\"https:\/\/news.google.com\/rss\/articles\/CBMi7gFBVV95cUxNY0wzTEk5XzNkU3JSU2RuZWxnVENyUWlOY082MThneVB4T1BCbGxaQWRWWV9CckdubGVEWmNEc1J1Wm80b21ieVNhTmVXdVJXVDI1ODZvT2tpXzg0bHB6SDZqSTM1UTBBbEJJZjNhdmcxNzZhS3plcEhtX0NmWkx2Q2RXVTZfUjdnSXN1N3RBZ202TTJubW9ZWWlWdDVqVWFPTzEtLWNfM2VMWms3TlNhVGFvMExhV2xwUGJyMHMtS2VlYmhwLWtWc2N1OTN6UkliWWNDaWFUMHZrRHM0am5VSHBEVXE0SXFiZ252aDJR?oc=5\" target=\"_blank\" rel=\"noopener\">\u00abJe n\u2019ai pas eu la mention que j\u2019esp\u00e9rais \u00bb : devant le lyc\u00e9e Racine \u00e0 Paris, les lyc\u00e9ens surexcit\u00e9s d\u00e9couvrent les r\u00e9sultats du bac<\/a>&nbsp;&nbsp;Le Figaro Etudiant<\/li>\n<li><a href=\"https:\/\/news.google.com\/rss\/articles\/CBMipwFBVV95cUxOQkV4NE9IQ182TXhsQWVBV0xEak90Yi14QnFadlVSazNObkxNQlhFelRSQ1NIN04zeENLbHBvRlhZODc1S0RNamoxMlV3R19IOXRJRGJFdlhCZ3NmczRhS1JuWUgxa1BNbmVnTXZLZ1Z1M2NKMXg2X3B2b0IxYzk1Q3lGLS05Wm5pd1VoYm13b3JqUmVaWlhnRE84ZllGaS1SSXZpQVFTQQ?oc=5\" target=\"_blank\" rel=\"noopener\">Baccalaur\u00e9at 2025 : des primes et aides publiques et priv\u00e9es<\/a>&nbsp;&nbsp;La finance pour tous<\/li>\n<\/ol>\n","protected":false},"excerpt":{"rendered":"Bac 2025 : d\u00e9couvrez les r\u00e9sultats via notre moteur de recherche&nbsp;&nbsp;MaVille.com &#8211; Rennes Bac 2025 : bient\u00f4t les&hellip;\n","protected":false},"author":2,"featured_media":226333,"comment_status":"","ping_status":"","sticky":false,"template":"","format":"standard","meta":{"footnotes":""},"categories":[2821],"tags":[17,1111,11,3050,829,3474,1777,674,1011,27,5207,12,959,584,25,1980],"class_list":{"0":"post-226332","1":"post","2":"type-post","3":"status-publish","4":"format-standard","5":"has-post-thumbnail","7":"category-rennes","8":"tag-17","9":"tag-actu","10":"tag-actualites","11":"tag-bac","12":"tag-bretagne","13":"tag-decouvrez","14":"tag-eu","15":"tag-europe","16":"tag-fr","17":"tag-france","18":"tag-moteur","19":"tag-news","20":"tag-recherche","21":"tag-rennes","22":"tag-republique-francaise","23":"tag-resultats"},"share_on_mastodon":{"url":"https:\/\/pubeurope.com\/@fr\/114796549093545303","error":""},"_links":{"self":[{"href":"https:\/\/www.europesays.com\/fr\/wp-json\/wp\/v2\/posts\/226332","targetHints":{"allow":["GET"]}}],"collection":[{"href":"https:\/\/www.europesays.com\/fr\/wp-json\/wp\/v2\/posts"}],"about":[{"href":"https:\/\/www.europesays.com\/fr\/wp-json\/wp\/v2\/types\/post"}],"author":[{"embeddable":true,"href":"https:\/\/www.europesays.com\/fr\/wp-json\/wp\/v2\/users\/2"}],"replies":[{"embeddable":true,"href":"https:\/\/www.europesays.com\/fr\/wp-json\/wp\/v2\/comments?post=226332"}],"version-history":[{"count":0,"href":"https:\/\/www.europesays.com\/fr\/wp-json\/wp\/v2\/posts\/226332\/revisions"}],"wp:featuredmedia":[{"embeddable":true,"href":"https:\/\/www.europesays.com\/fr\/wp-json\/wp\/v2\/media\/226333"}],"wp:attachment":[{"href":"https:\/\/www.europesays.com\/fr\/wp-json\/wp\/v2\/media?parent=226332"}],"wp:term":[{"taxonomy":"category","embeddable":true,"href":"https:\/\/www.europesays.com\/fr\/wp-json\/wp\/v2\/categories?post=226332"},{"taxonomy":"post_tag","embeddable":true,"href":"https:\/\/www.europesays.com\/fr\/wp-json\/wp\/v2\/tags?post=226332"}],"curies":[{"name":"wp","href":"https:\/\/api.w.org\/{rel}","templated":true}]}}