{"id":226334,"date":"2025-07-04T19:11:37","date_gmt":"2025-07-04T19:11:37","guid":{"rendered":"https:\/\/www.europesays.com\/fr\/226334\/"},"modified":"2025-07-04T19:11:37","modified_gmt":"2025-07-04T19:11:37","slug":"que-faire-a-rennes-ce-week-end-cine-plein-air-festivals-soiree-entre-filles-voici-nos-idees-sorties","status":"publish","type":"post","link":"https:\/\/www.europesays.com\/fr\/226334\/","title":{"rendered":"Que faire \u00e0 Rennes ce week-end ? Cin\u00e9 plein air, festivals, soir\u00e9e entre filles\u2026 Voici nos id\u00e9es sorties"},"content":{"rendered":"<p>            Par<br \/>\n        <strong><br \/>\n            <a href=\"https:\/\/actu.fr\/auteur\/brian-legoff\" title=\"Consulter tous les articles de Brian Le Goff\" rel=\"nofollow noopener\" target=\"_blank\">Brian Le Goff<\/a><br \/>\n        <\/strong><\/p>\n<p>        Publi\u00e9 le<\/p>\n<p>            4 juil. 2025 \u00e0 17h04        <\/p>\n<p>Un <strong>programme riche d\u2019id\u00e9es sorties<\/strong> \u00e0 Rennes en ces premi\u00e8res heures des vacances estivales vous attend. Comme chaque semaine, <a href=\"https:\/\/actu.fr\/rennes\/\" rel=\"nofollow noopener\" target=\"_blank\">actu Rennes<\/a> a d\u00e9nich\u00e9<strong> des activit\u00e9s \u00e0 faire seul, en famille ou entre amis<\/strong> pour ce premier week-end du mois de juillet 2025.<\/p>\n<p>F\u00eate communale de Montgermont<\/p>\n<p class=\" wall-content\">Jusqu\u2019alors, la F\u00eate nationale \u00e9tait traditionnellement organis\u00e9e le dernier vendredi d\u2019\u00e9cole avant les vacances scolaires d\u2019\u00e9t\u00e9 \u00e0 Montgermont. \u00c0 pr\u00e9sent, la municipalit\u00e9 et le comit\u00e9 des f\u00eates consid\u00e8rent l\u2019\u00e9v\u00e9nement comme la \u00ab\u00a0f\u00eate communale\u00a0\u00bb. Au programme de cette premi\u00e8re \u00e9dition <strong>vendredi 4 juillet<\/strong> donc :<\/p>\n<ul class=\" wall-content\">\n<li><strong>\u00e0 partir de 18h,<\/strong> animations et structures gonflables ;<\/li>\n<li>19h, ap\u00e9ritif offert par la Mairie, au jardin Henri-Le Polotec (salle de Courtines si mauvais temps) ;<\/li>\n<li>pique-nique (tables, chaises et barbecues seront mis \u00e0 votre disposition) ;<\/li>\n<li>23h15, retraite aux flambeaux place Jane-Beusnel, feu d\u2019artifice \u00e0 l\u2019\u00e9tang des Hayettes, puis bal populaire place Jane-Beusnel.<\/li>\n<\/ul>\n<p>Cabaret d\u2019humour<\/p>\n<p class=\" wall-content\">Alors qu\u2019il <a href=\"https:\/\/www.tourisme-rennes.com\/sortir\/cafe-theatre-le-bacchus-flavien-videau-combler-le-vide\/?utm_campaign=Billetterie+-+Search+-+G%C3%A9o+IP+-+Ev%C3%A9nements+2025&amp;utm_source=google-search&amp;utm_medium=cpc&amp;gad_source=1&amp;gad_campaignid=22082630842&amp;gbraid=0AAAAAC-4W_BQwdMH0hzHXjImdAHs1Wzt8&amp;gclid=Cj0KCQjw953DBhCyARIsANhIZoY9E4thqeqr2XIwkXd_1WQa4jGln43jPUfFT1bqDajKIA3XH5A-f24aAqNQEALw_wcB\" rel=\"nofollow noopener\" target=\"_blank\">se produira du 8 au 12 juillet en solo au Bacchus avec son spectacle Combler le vide<\/a>, l\u2019humoriste Flavien Videau organise une nouvelle \u00e9dition de son cabaret d\u2019humour, le Flux Comedy Club est de retour <strong>vendredi 4 juillet, \u00e0 la Basse Cour,<\/strong> \u00e0 la Pr\u00e9valaye, \u00e0 l\u2019ouest de Rennes. Une session unique d\u20191 heure 30 est pr\u00e9vue <strong>\u00e0 20h30<\/strong>. Au menu : trois humoristes \u00ab\u00a0aux univers aussi fous que vari\u00e9s.\u00a0\u00bb<\/p>\n<p class=\" wall-content\"><a href=\"https:\/\/www.instagram.com\/p\/DLXb22Ltnaf\/embed\" title=\"Ouvrir le lien sur Instagram\" rel=\"nofollow noopener\" target=\"_blank\">Visualiser le contenu sur Instagram<\/a><\/p>\n<p><a href=\"https:\/\/www.helloasso.com\/associations\/theatre-de-la-confiserie\/evenements\/le-flux-comedy-club-a-la-basse-cour-35?fbclid=PAZXh0bgNhZW0CMTEAAaf_ZQiMLSOILkSDxw4yrpzhmRngktZeLgqWZPFlBrnnMfvzemMEIMYcW8q8uw_aem_qcowJzGhpf_sQAjdm4vGhw\" rel=\"nofollow noopener\" target=\"_blank\">R\u00e9servation gratuite en ligne<\/a>. Prix libre et conscient sur place. Bar et restauration \u00e9galement.\u00a0Cin\u00e9 plein air<\/p>\n<p class=\" wall-content\">L\u2019association Clair Obscur, organisatrice du festival de cin\u00e9ma Travelling, propose dans le cadre de l\u2019op\u00e9ration \u00ab\u00a0Cet \u00e9t\u00e9 \u00e0 Rennes\u00a0\u00bb port\u00e9e par la Ville, plusieurs <strong>projections en plein air<\/strong> cet \u00e9t\u00e9.<\/p>\n<p class=\" wall-content\">L\u2019une des premi\u00e8res dates est pr\u00e9vue <strong>vendredi 4 juillet, \u00e0 22h30, \u00e0 l\u2019\u00e9tang des Longschamps.<\/strong> Au programme, la fabuleuse com\u00e9die <strong>Le Sens de la f\u00eate <\/strong>d\u2019\u00c9ric Toledano et Olivier Nakache.<\/p>\n<p class=\" wall-content\">Retrouvez <a href=\"https:\/\/actu.fr\/bretagne\/rennes_35238\/rasta-rockett-e-t-le-cinema-en-plein-air-de-retour-a-rennes-voici-la-programmation-de-l-ete-2025_62719313.html\" rel=\"nofollow noopener\" target=\"_blank\">le programme complet des s\u00e9ances de cin\u00e9ma en plein air dans notre article d\u00e9di\u00e9<\/a>.<\/p>\n<p>Gratuit.<\/p>\n<p>Festival Les Tomb\u00e9es de la nuit<\/p>\n<p class=\" wall-content\">\u00c9galement enti\u00e8rement en plein air, le festival Les Tomb\u00e9es de la nuit se d\u00e9roule jusqu\u2019\u00e0 dimanche 6 juillet dans les rues, parc et sur les places de Rennes. Vous avez pu remarquer notamment des installations <strong>place du Parlement de Bretagne<\/strong> o\u00f9 la Ko-Compagnie propose un spectacle gratuit intitul\u00e9 Tapis Rouge, samedi 5 juillet, \u00e0 16h.<\/p>\n<blockquote class=\"ac-article-quote wall-content\">\n<p>Apr\u00e8s avoir chant\u00e9 le droit des femmes dans \u00a1 Colectiva ! (pr\u00e9sent\u00e9 aux Tomb\u00e9es de la Nuit en 2021), la Ko-compagnie revient avec un nouveau spectacle vocal participatif pour l\u2019espace public, enti\u00e8rement d\u00e9di\u00e9 \u00e0 la d\u00e9fense du droit des enfants. Cette grande forme rassemble, pour treize chansons et en cr\u00e9ation au festival, un ch\u0153ur de 500 enfants et adultes, un orchestre professionnel, de la danse, du th\u00e9\u00e2tre autour d\u2019all\u00e9es de tapis rouges qui habilleront le centre de la Place du Parlement.<\/p>\n<p>    <strong>Festival Les Tomb\u00e9es de la nuit<\/strong>\n            <\/p><\/blockquote>\n<p class=\" wall-content\">Pour conna\u00eetre <strong>l\u2019ensemble de la programmation<\/strong>, rendez-vous sur <a href=\"https:\/\/www.lestombeesdelanuit.com\/spectacles\/tapis-rouge\/\" rel=\"nofollow noopener\" target=\"_blank\">le site internet du festival<\/a>.<\/p>\n<p>Festival Belles \u00c9toiles<\/p>\n<p class=\" wall-content\">C\u2019est un petit nouveau dans le monde des festivals en Bretagne. Belles \u00c9toiles organisent sa premi\u00e8re \u00e9dition ce week-end \u00e0 Pac\u00e9, \u00e0 l\u2019ouest de Rennes. <strong>Superbus, 47 Ter, Randal\u2026<\/strong> Les organisateurs mixent talents \u00e9mergents de la sc\u00e8ne locale et t\u00eates d\u2019affiche reconnues.<\/p>\n<p class=\" wall-content\">Pour cette premi\u00e8re \u00e9dition, le festival sera gratuit dimanche 6 juillet. La billetterie est ouverte en ligne\u00a0<a href=\"https:\/\/bellesetoiles.com\/billetterie\/\" rel=\"nofollow noopener\" target=\"_blank\">ici<\/a>. Comptez\u00a0<strong>29\u00a0euros<\/strong>\u00a0pour la journ\u00e9e du<strong>\u00a0vendredi 4\u00a0juillet<\/strong>,\u00a0<strong>39\u00a0euros<\/strong>\u00a0pour la journ\u00e9e du<strong>\u00a0samedi 5\u00a0juillet<\/strong>.<\/p>\n<p>Berry Plage<\/p>\n<p class=\" wall-content\">Avec les vacances estivales, c\u2019est aussi le retour de <a href=\"https:\/\/actu.fr\/bretagne\/rennes_35238\/a-rennes-le-parc-du-berry-se-transforme-en-plage-tout-le-mois-de-juillet_52373965.html\" rel=\"nofollow noopener\" target=\"_blank\">Berry Plage<\/a><strong>, d\u00e8s ce samedi 5 juillet.<\/strong> Install\u00e9 dans le parc \u00e9ponyme, au sein du quartier de <a href=\"https:\/\/actu.fr\/tag\/villejean\" rel=\"nofollow noopener\" target=\"_blank\">Villejean<\/a>, l\u2019\u00e9v\u00e9nement, organis\u00e9 par le Cercle Paul Bert, pr\u00e9voit de nombreuses<strong> animations sportives et culturelles<\/strong> tout au long de l\u2019\u00e9t\u00e9 : beach volley, beach soccer, basketball, sandball, fatale balayette, tir \u00e0 l\u2019arc, kart \u00e0 p\u00e9dale, parcours aventure, jeux d\u2019eau, soir\u00e9es familiales, tournois\u2026<\/p>\n<p class=\" wall-content\"><a href=\"https:\/\/www.instagram.com\/p\/C-SEO9QsAaU\/embed\" title=\"Ouvrir le lien sur Instagram\" rel=\"nofollow noopener\" target=\"_blank\">Visualiser le contenu sur Instagram<\/a><\/p>\n<p>Soir\u00e9e entre femmes et mamans<\/p>\n<p class=\" wall-content\">Un nouveau concept d\u00e9barque \u00e0 Rennes : des soir\u00e9es en bo\u00eetes de nuit r\u00e9serv\u00e9es aux femmes et mamans. Elles se nomment <strong>\u00ab\u00a0Maman sort ce soir\u00a0\u00bb<\/strong> et sont port\u00e9es par un duo de s\u0153urs venues du sud de la France. La premi\u00e8re \u00e9dition dans la capitale bretonne a lieu, <strong>samedi 5 juillet, \u00e0 partir de 20h au 1988 Live Club<\/strong>. <a href=\"https:\/\/actu.fr\/bretagne\/rennes_35238\/lacher-prise-une-premiere-soiree-reservee-aux-femmes-et-mamans-s-organise-a-rennes-des-places-a-gagner_62867272.html\" rel=\"nofollow noopener\" target=\"_blank\">Plus d\u2019informations dans notre article d\u00e9di\u00e9<\/a>.<\/p>\n<p>Comptez 15 euros l\u2019entr\u00e9e avec une consommation (<a href=\"https:\/\/www.helloasso.com\/associations\/l-entre-girls\/evenements\/soiree-maman-sort-ce-soir-rennes\" rel=\"nofollow noopener\" target=\"_blank\">r\u00e9servation en ligne<\/a>), 18 euros sur place, 29 euros avec tapas.March\u00e9 \u00e0 manger sp\u00e9cial<\/p>\n<p class=\" wall-content\">Pour la sixi\u00e8me fois cette ann\u00e9e, le March\u00e9 \u00e0 manger est de retour <strong>dimanche 6 juillet, d\u00e8s 11h<\/strong>\u00a0\u00e0 La Cri\u00e9e-march\u00e9 Central et sur la place Honor\u00e9 Commeurec avec une \u00e9dition sp\u00e9ciale \u00ab\u00a0BBQ &amp; Tex-Mex\u00a0\u00bb.<\/p>\n<p class=\" wall-content\">Les restaurateurs participants :<\/p>\n<ul class=\" wall-content\">\n<li>Banco ;<\/li>\n<li>Bombance ;<\/li>\n<li>Brewklyn ;<\/li>\n<li>Chawp-Shop ;<\/li>\n<li>Ferrandi \u2013 Campus Rennes ;<\/li>\n<li>Les Bricoles ;<\/li>\n<li>Magma ;<\/li>\n<li>Maison Boull\u00e9 ;<\/li>\n<li>Melle Fayel ;<\/li>\n<li>Meso ferme Pradenn ;<\/li>\n<li>Napoletana Pizza ;<\/li>\n<li>Nomad Gourmand ;<\/li>\n<li>Pepites ! ;<\/li>\n<li>Oh My Biche ;<\/li>\n<li>Passages ;<\/li>\n<li>Okipic ;<\/li>\n<li>Brut de F\u00fbt ;<\/li>\n<li>brasserie Smash ;<\/li>\n<li>cidres et jus Pradenn.<\/li>\n<\/ul>\n<p class=\" wall-content\">Suivez toute l\u2019actualit\u00e9 de vos villes et m\u00e9dias favoris en vous inscrivant \u00e0 <a href=\"https:\/\/moncompte.actu.fr\" title=\"D\u00e9couvez Mon Actu\" rel=\"nofollow noopener\" data-trk=\"{&quot;cta&quot;:{&quot;action&quot;:&quot;https:\\\/\\\/moncompte.actu.fr&quot;,&quot;category&quot;:&quot;mon compte&quot;,&quot;from&quot;:&quot;article footer&quot;,&quot;name&quot;:&quot;Mon actu&quot;,&quot;type&quot;:&quot;cta&quot;}}\" target=\"_blank\">Mon Actu<\/a>.<\/p>\n<p>                    <script async src=\"\/\/www.instagram.com\/embed.js\"><\/script><\/p>\n","protected":false},"excerpt":{"rendered":"Par Brian Le Goff Publi\u00e9 le 4 juil. 2025 \u00e0 17h04 Un programme riche d\u2019id\u00e9es sorties \u00e0 Rennes&hellip;\n","protected":false},"author":2,"featured_media":226335,"comment_status":"","ping_status":"","sticky":false,"template":"","format":"standard","meta":{"footnotes":""},"categories":[2821],"tags":[1111,11,1063,829,1777,674,1011,27,1305,12,584,25,853],"class_list":{"0":"post-226334","1":"post","2":"type-post","3":"status-publish","4":"format-standard","5":"has-post-thumbnail","7":"category-rennes","8":"tag-actu","9":"tag-actualites","10":"tag-animations","11":"tag-bretagne","12":"tag-eu","13":"tag-europe","14":"tag-fr","15":"tag-france","16":"tag-lifestyle","17":"tag-news","18":"tag-rennes","19":"tag-republique-francaise","20":"tag-spectacles"},"share_on_mastodon":{"url":"https:\/\/pubeurope.com\/@fr\/114796552827711635","error":""},"_links":{"self":[{"href":"https:\/\/www.europesays.com\/fr\/wp-json\/wp\/v2\/posts\/226334","targetHints":{"allow":["GET"]}}],"collection":[{"href":"https:\/\/www.europesays.com\/fr\/wp-json\/wp\/v2\/posts"}],"about":[{"href":"https:\/\/www.europesays.com\/fr\/wp-json\/wp\/v2\/types\/post"}],"author":[{"embeddable":true,"href":"https:\/\/www.europesays.com\/fr\/wp-json\/wp\/v2\/users\/2"}],"replies":[{"embeddable":true,"href":"https:\/\/www.europesays.com\/fr\/wp-json\/wp\/v2\/comments?post=226334"}],"version-history":[{"count":0,"href":"https:\/\/www.europesays.com\/fr\/wp-json\/wp\/v2\/posts\/226334\/revisions"}],"wp:featuredmedia":[{"embeddable":true,"href":"https:\/\/www.europesays.com\/fr\/wp-json\/wp\/v2\/media\/226335"}],"wp:attachment":[{"href":"https:\/\/www.europesays.com\/fr\/wp-json\/wp\/v2\/media?parent=226334"}],"wp:term":[{"taxonomy":"category","embeddable":true,"href":"https:\/\/www.europesays.com\/fr\/wp-json\/wp\/v2\/categories?post=226334"},{"taxonomy":"post_tag","embeddable":true,"href":"https:\/\/www.europesays.com\/fr\/wp-json\/wp\/v2\/tags?post=226334"}],"curies":[{"name":"wp","href":"https:\/\/api.w.org\/{rel}","templated":true}]}}