{"id":226338,"date":"2025-07-04T19:13:13","date_gmt":"2025-07-04T19:13:13","guid":{"rendered":"https:\/\/www.europesays.com\/fr\/226338\/"},"modified":"2025-07-04T19:13:13","modified_gmt":"2025-07-04T19:13:13","slug":"municipales-2026-au-marche-a-strasbourg-la-candidature-de-jeanne-barseghian-nenflamme-pas-les-discussions","status":"publish","type":"post","link":"https:\/\/www.europesays.com\/fr\/226338\/","title":{"rendered":"Municipales 2026. Au march\u00e9 \u00e0 Strasbourg, la candidature de Jeanne Barseghian n\u2019enflamme pas les discussions"},"content":{"rendered":"<p>Au milieu des tomates et des saucissons, l\u2019\u00e9lection municipale de 2026 n\u2019a pas encore trouv\u00e9 sa place dans les discussions. \u00ab\u00a0Tout le monde me parle des vacances d\u2019\u00e9t\u00e9, mais les municipales, non pas du tout\u00a0\u00bb, tranche Antoine Reydel, un poissonnier.\u00a0 <a href=\"https:\/\/www.dna.fr\/elections\/2025\/07\/03\/a-strasbourg-l-ecologiste-jeanne-barseghian-candidate-a-sa-reelection\" target=\"_blank\" rel=\"noopener\">L\u2019annonce de la candidature de Jeanne Barseghian jeudi 3\u00a0juillet au soir<\/a> n\u2018\u00e9tonne personne sur le march\u00e9 de la place Broglie ce vendredi 4 juillet au matin, sauf ceux qui auraient pr\u00e9f\u00e9r\u00e9 ne pas la voir rempiler.\u00a0<\/p>\n<p>Brigitte pousse son v\u00e9lo vers le stand des primeurs, mais l\u2019\u00e9cologie fa\u00e7on Barseghian elle n\u2019en veut plus\u00a0: \u00ab\u00a0L\u2019abonnement pour le stationnement augment\u00e9 de 15\u00a0\u20ac \u00e0 40\u00a0\u20ac, le ticket de tram multipli\u00e9 par deux, \u00e7a ne va pas. Je pense qu\u2019il faut un \u00e9quilibre entre \u00e9cologie et laisser les gens tranquilles\u00a0\u00bb, explique la retrait\u00e9e strasbourgeoise.<\/p>\n<p>Hubert Riess vient de Lingolsheim deux fois par semaine faire ses emplettes au centre-ville. S\u2019il&#8230;<\/p>\n","protected":false},"excerpt":{"rendered":"Au milieu des tomates et des saucissons, l\u2019\u00e9lection municipale de 2026 n\u2019a pas encore trouv\u00e9 sa place dans&hellip;\n","protected":false},"author":2,"featured_media":226339,"comment_status":"","ping_status":"","sticky":false,"template":"","format":"standard","meta":{"footnotes":""},"categories":[2820],"tags":[1111,11,1984,2880,5949,4188,1777,674,107,1011,27,775,3539,12,316,25,640,2879],"class_list":{"0":"post-226338","1":"post","2":"type-post","3":"status-publish","4":"format-standard","5":"has-post-thumbnail","7":"category-strasbourg","8":"tag-actu","9":"tag-actualites","10":"tag-conseil-municipal","11":"tag-edition-strasbourg","12":"tag-elections","13":"tag-elections-municipales","14":"tag-eu","15":"tag-europe","16":"tag-fil-info","17":"tag-fr","18":"tag-france","19":"tag-grand-est","20":"tag-les-ecologistes","21":"tag-news","22":"tag-politique","23":"tag-republique-francaise","24":"tag-strasbourg","25":"tag-strasbourg-ville"},"share_on_mastodon":{"url":"https:\/\/pubeurope.com\/@fr\/114796560907008082","error":""},"_links":{"self":[{"href":"https:\/\/www.europesays.com\/fr\/wp-json\/wp\/v2\/posts\/226338","targetHints":{"allow":["GET"]}}],"collection":[{"href":"https:\/\/www.europesays.com\/fr\/wp-json\/wp\/v2\/posts"}],"about":[{"href":"https:\/\/www.europesays.com\/fr\/wp-json\/wp\/v2\/types\/post"}],"author":[{"embeddable":true,"href":"https:\/\/www.europesays.com\/fr\/wp-json\/wp\/v2\/users\/2"}],"replies":[{"embeddable":true,"href":"https:\/\/www.europesays.com\/fr\/wp-json\/wp\/v2\/comments?post=226338"}],"version-history":[{"count":0,"href":"https:\/\/www.europesays.com\/fr\/wp-json\/wp\/v2\/posts\/226338\/revisions"}],"wp:featuredmedia":[{"embeddable":true,"href":"https:\/\/www.europesays.com\/fr\/wp-json\/wp\/v2\/media\/226339"}],"wp:attachment":[{"href":"https:\/\/www.europesays.com\/fr\/wp-json\/wp\/v2\/media?parent=226338"}],"wp:term":[{"taxonomy":"category","embeddable":true,"href":"https:\/\/www.europesays.com\/fr\/wp-json\/wp\/v2\/categories?post=226338"},{"taxonomy":"post_tag","embeddable":true,"href":"https:\/\/www.europesays.com\/fr\/wp-json\/wp\/v2\/tags?post=226338"}],"curies":[{"name":"wp","href":"https:\/\/api.w.org\/{rel}","templated":true}]}}