{"id":226343,"date":"2025-07-04T19:16:26","date_gmt":"2025-07-04T19:16:26","guid":{"rendered":"https:\/\/www.europesays.com\/fr\/226343\/"},"modified":"2025-07-04T19:16:26","modified_gmt":"2025-07-04T19:16:26","slug":"carte-info-trafic-un-week-end-de-depart-en-vacances-tres-complique","status":"publish","type":"post","link":"https:\/\/www.europesays.com\/fr\/226343\/","title":{"rendered":"CARTE. Info trafic\u00a0: un week-end de d\u00e9part en vacances tr\u00e8s compliqu\u00e9"},"content":{"rendered":"<p>\u00a0Ce week-end marque le d\u00e9but des cong\u00e9s scolaires estivaux 2025 en France\u00a0\u00bb, rappelle <a href=\"https:\/\/www.bison-fute.gouv.fr\/\" target=\"_self\" rel=\"noopener\">Bison Fut\u00e9<\/a>  <a href=\"https:\/\/www.bison-fute.gouv.fr\/\" target=\"_self\" rel=\"noopener\">,<\/a> \u00a0la plupart des d\u00e9placements s\u2019effectueront dans le sens des d\u00e9parts, en direction des r\u00e9gions c\u00f4ti\u00e8res. Samedi 5\u00a0juillet devrait \u00eatre la journ\u00e9e la plus circul\u00e9e, Bison fut\u00e9 conseille donc aux usagers d\u2019\u00e9viter de circuler ce jour-l\u00e0\u00a0\u00bb.<\/p>\n<p>La carte en direct<\/p>\n<p>Vous pouvez retrouver la situation en Loire-Atlantique via cette carte\u00a0:<\/p>\n<\/p>\n<p> Mappy | Widget carte<\/p>\n<p>\u00c0 LIRE AUSSI\u00a0: <a href=\"https:\/\/nantes.maville.com\/actu\/actudet_-carte.-info-trafic-fortes-perturbations-sur-le-periph-nantais-apres-l-affaissement-de-sa-chaussee-_8-6869127_actu.Htm\" target=\"_self\" rel=\"noopener\">CARTE. Info trafic\u00a0: fortes perturbations sur le p\u00e9riph nantais apr\u00e8s l\u2019affaissement de sa chauss\u00e9e<\/a><\/p>\n<p>Quelles pr\u00e9visions samedi\u00a0?<\/p>\n<p>La situation risque d\u2019\u00eatre compliqu\u00e9e d\u00e8s ce vendredi 4\u00a0juillet\u00a0: \u00a0vendredi, dans le sens des d\u00e9parts, les difficult\u00e9s des circulation devraient concerner la plupart des grands axes de l\u2019hexagone et appara\u00eetre d\u00e8s la mi-journ\u00e9e. En particulier, d\u2019importantes difficult\u00e9s devraient \u00eatre observ\u00e9es sur les routes desservant la c\u00f4te atlantique (RN165, A11 et A63 en particulier), le couloir rhodanien (A7 et A46), la c\u00f4te m\u00e9diterran\u00e9enne (A54, A8, A57, A61), et sur les axes venant des fronti\u00e8res du Nord-Est (A31, A25, A4)\u00a0\u00bb.<\/p>\n<p>Samedi 5\u00a0juillet dans le sens des d\u00e9parts devrait \u00eatre une journ\u00e9e tr\u00e8s charg\u00e9e du d\u00e9but de la matin\u00e9e jusqu\u2019en d\u00e9but de soir\u00e9e. Elle est class\u00e9e rouge au niveau national. Les encombrements les plus importants pourront \u00eatre observ\u00e9s en direction de la c\u00f4te normande (A13), de la c\u00f4te atlantique (A11, RN165, A10) et de la c\u00f4te m\u00e9diterran\u00e9enne (A7, A9).<\/p>\n<p>En \u00cele-de-France, d\u00e8s le tout d\u00e9but de la matin\u00e9e, la circulation sera dense en direction des barri\u00e8res de p\u00e9ages des autoroutes A6 et A10.<\/p>\n<p>Dans le sens des retours, le pourtour m\u00e9diterran\u00e9en devrait concentrer les difficult\u00e9s les plus importantes, \u00e0 l\u2019instar des autoroutes A8, A9 et A54.<\/p>\n<p>Et dimanche\u00a0?<\/p>\n<p>Dimanche 6\u00a0juillet, dans le sens des d\u00e9parts, une forte affluence est attendue sur les routes du quart Nord-Ouest (A10, A11 et A13), de la vall\u00e9e du Rh\u00f4ne (A7) et pour l\u2019acc\u00e8s au Tunnel du Mont-Blanc. Elle devrait s\u2019\u00e9tendre de la fin de la matin\u00e9e jusqu\u2019en d\u00e9but de soir\u00e9e.<\/p>\n<p>Un r\u00e9sum\u00e9 pour tout savoir<\/p>\n<p>Pour les d\u00e9parts, vendredi 4\u00a0juillet est class\u00e9 orange au niveau national et rouge en \u00cele-de-France. Samedi 5\u00a0juillet est class\u00e9 rouge au niveau national. Dimanche 6\u00a0juillet est class\u00e9 vert au niveau national et orange en Auvergne-Rh\u00f4ne-Alpes, dans le Grand-Ouest et le Nord.<\/p>\n<p>Dans le sens des retours, vendredi 4\u00a0juillet est class\u00e9 vert au niveau national et orange dans l\u2019Arc m\u00e9diterran\u00e9en. Samedi 5\u00a0juillet est class\u00e9 vert au niveau national et orange dans l\u2019Arc m\u00e9diterran\u00e9en. Dimanche 6\u00a0juillet est class\u00e9 vert au niveau national<\/p>\n<p>Les bons comportements \u00e0 adopter<\/p>\n<p>En conduisant, il est n\u00e9cessaire d\u2019\u00eatre attentif en toute circonstance\u00a0: \u00a0Ne pas se laisser distraire, ne jamais circuler sur la bande d\u2019arr\u00eat d\u2019urgence, respecter la distance de s\u00e9curit\u00e9 avec le v\u00e9hicule qui nous pr\u00e9c\u00e8de,..\u00bb. Il est demand\u00e9 de faire attention aux agents de la route.<\/p>\n<p>\u00a0<\/p>\n","protected":false},"excerpt":{"rendered":"\u00a0Ce week-end marque le d\u00e9but des cong\u00e9s scolaires estivaux 2025 en France\u00a0\u00bb, rappelle Bison Fut\u00e9 , \u00a0la plupart&hellip;\n","protected":false},"author":2,"featured_media":226344,"comment_status":"","ping_status":"","sticky":false,"template":"","format":"standard","meta":{"footnotes":""},"categories":[2818],"tags":[1111,11,11617,10799,3985,1777,674,1011,27,1922,766,12,2636,25,1097,933,2528,4064],"class_list":{"0":"post-226343","1":"post","2":"type-post","3":"status-publish","4":"format-standard","5":"has-post-thumbnail","7":"category-nantes","8":"tag-actu","9":"tag-actualites","10":"tag-carte","11":"tag-complique","12":"tag-depart","13":"tag-eu","14":"tag-europe","15":"tag-fr","16":"tag-france","17":"tag-info","18":"tag-nantes","19":"tag-news","20":"tag-pays-de-la-loire","21":"tag-republique-francaise","22":"tag-trafic","23":"tag-tres","24":"tag-vacances","25":"tag-week-end"},"share_on_mastodon":{"url":"https:\/\/pubeurope.com\/@fr\/114796572398037816","error":""},"_links":{"self":[{"href":"https:\/\/www.europesays.com\/fr\/wp-json\/wp\/v2\/posts\/226343","targetHints":{"allow":["GET"]}}],"collection":[{"href":"https:\/\/www.europesays.com\/fr\/wp-json\/wp\/v2\/posts"}],"about":[{"href":"https:\/\/www.europesays.com\/fr\/wp-json\/wp\/v2\/types\/post"}],"author":[{"embeddable":true,"href":"https:\/\/www.europesays.com\/fr\/wp-json\/wp\/v2\/users\/2"}],"replies":[{"embeddable":true,"href":"https:\/\/www.europesays.com\/fr\/wp-json\/wp\/v2\/comments?post=226343"}],"version-history":[{"count":0,"href":"https:\/\/www.europesays.com\/fr\/wp-json\/wp\/v2\/posts\/226343\/revisions"}],"wp:featuredmedia":[{"embeddable":true,"href":"https:\/\/www.europesays.com\/fr\/wp-json\/wp\/v2\/media\/226344"}],"wp:attachment":[{"href":"https:\/\/www.europesays.com\/fr\/wp-json\/wp\/v2\/media?parent=226343"}],"wp:term":[{"taxonomy":"category","embeddable":true,"href":"https:\/\/www.europesays.com\/fr\/wp-json\/wp\/v2\/categories?post=226343"},{"taxonomy":"post_tag","embeddable":true,"href":"https:\/\/www.europesays.com\/fr\/wp-json\/wp\/v2\/tags?post=226343"}],"curies":[{"name":"wp","href":"https:\/\/api.w.org\/{rel}","templated":true}]}}