{"id":226345,"date":"2025-07-04T19:17:26","date_gmt":"2025-07-04T19:17:26","guid":{"rendered":"https:\/\/www.europesays.com\/fr\/226345\/"},"modified":"2025-07-04T19:17:26","modified_gmt":"2025-07-04T19:17:26","slug":"un-etrange-ete-dans-toute-la-ville","status":"publish","type":"post","link":"https:\/\/www.europesays.com\/fr\/226345\/","title":{"rendered":"un \u00e9trange \u00e9t\u00e9 dans toute la ville"},"content":{"rendered":"<p>\nParti \u00e0 la retraite en mai dernier, Jean Blaise, fondateur du festival d&rsquo;art urbain \u00ab Le Voyage \u00e0 Nantes \u00bb (Loire-Atlantique), a con\u00e7u cette 14e saison en la pla\u00e7ant sous le signe de l&rsquo;\u00e9tranget\u00e9. \u00ab De fait, la ville orchestre une cacophonie h\u00e9t\u00e9rog\u00e8ne d&rsquo;\u00e9l\u00e9ments qui emm\u00e8ne le fl\u00e2neur, pour peu qu&rsquo;il y pr\u00eate attention, sur des chemins inattendus \u00bb, rappelle Sophie L\u00e9vy, qui lui a succ\u00e9d\u00e9 comme directrice g\u00e9n\u00e9ral de la SPL du Voyage \u00e0 Nantes. Concoct\u00e9es par des artistes de renom, les surprises sont nombreuses le long de la ligne verte qui r\u00e9unit les \u0153uvres de chaque \u00e9dition, celles des saisons pr\u00e9c\u00e9dentes devenues p\u00e9rennes, ainsi que les mus\u00e9es et monuments nantais.<\/p>\n<p>\nAinsi, place du Mar\u00e9chal-Foch, Iv\u00e1n Argote a fait dispara\u00eetre la statue de Louis XVI pour la remplacer par une figure anonyme sur la colonne, d\u00e9fiant toute logique gravitationnelle. Place Graslin, Prune Nourry a install\u00e9 une sculpture de 17 m de long repr\u00e9sentant une partie du corps d&rsquo;une femme enceinte allong\u00e9e. Dans le parc de Proc\u00e9, l&rsquo;artiste bricoleur Laurent Tixador a r\u00e9alis\u00e9, avec les \u00e9tudiants de l&rsquo;Ensa Nantes et de l&rsquo;Ecole des beaux-arts de Nantes &#8211; Saint-Nazaire, une fa\u00e7ade d&rsquo;un tramway avec des d\u00e9chets de bois provenant des \u00e9lagages et des temp\u00eates r\u00e9centes  (photo). Enfin, place Royale, Willem de Haan a remplac\u00e9 les statues all\u00e9goriques du XIXe si\u00e8cle de la fontaine par des figures tr\u00e8s r\u00e9alistes de Nantais d&rsquo;aujourd&rsquo;hui.<\/p>\n<p>\nDans toute la ville. Jusqu&rsquo;au 31 ao\u00fbt.<\/p>\n","protected":false},"excerpt":{"rendered":"Parti \u00e0 la retraite en mai dernier, Jean Blaise, fondateur du festival d&rsquo;art urbain \u00ab Le Voyage \u00e0&hellip;\n","protected":false},"author":2,"featured_media":226346,"comment_status":"","ping_status":"","sticky":false,"template":"","format":"standard","meta":{"footnotes":""},"categories":[2818],"tags":[1111,11,1350,251,1777,674,1011,27,3047,766,12,6534,2636,25,36488],"class_list":{"0":"post-226345","1":"post","2":"type-post","3":"status-publish","4":"format-standard","5":"has-post-thumbnail","7":"category-nantes","8":"tag-actu","9":"tag-actualites","10":"tag-architecture","11":"tag-culture","12":"tag-eu","13":"tag-europe","14":"tag-fr","15":"tag-france","16":"tag-loire-atlantique","17":"tag-nantes","18":"tag-news","19":"tag-ouest-et-centre","20":"tag-pays-de-la-loire","21":"tag-republique-francaise","22":"tag-spl"},"share_on_mastodon":{"url":"https:\/\/pubeurope.com\/@fr\/114796576426750542","error":""},"_links":{"self":[{"href":"https:\/\/www.europesays.com\/fr\/wp-json\/wp\/v2\/posts\/226345","targetHints":{"allow":["GET"]}}],"collection":[{"href":"https:\/\/www.europesays.com\/fr\/wp-json\/wp\/v2\/posts"}],"about":[{"href":"https:\/\/www.europesays.com\/fr\/wp-json\/wp\/v2\/types\/post"}],"author":[{"embeddable":true,"href":"https:\/\/www.europesays.com\/fr\/wp-json\/wp\/v2\/users\/2"}],"replies":[{"embeddable":true,"href":"https:\/\/www.europesays.com\/fr\/wp-json\/wp\/v2\/comments?post=226345"}],"version-history":[{"count":0,"href":"https:\/\/www.europesays.com\/fr\/wp-json\/wp\/v2\/posts\/226345\/revisions"}],"wp:featuredmedia":[{"embeddable":true,"href":"https:\/\/www.europesays.com\/fr\/wp-json\/wp\/v2\/media\/226346"}],"wp:attachment":[{"href":"https:\/\/www.europesays.com\/fr\/wp-json\/wp\/v2\/media?parent=226345"}],"wp:term":[{"taxonomy":"category","embeddable":true,"href":"https:\/\/www.europesays.com\/fr\/wp-json\/wp\/v2\/categories?post=226345"},{"taxonomy":"post_tag","embeddable":true,"href":"https:\/\/www.europesays.com\/fr\/wp-json\/wp\/v2\/tags?post=226345"}],"curies":[{"name":"wp","href":"https:\/\/api.w.org\/{rel}","templated":true}]}}