{"id":226353,"date":"2025-07-04T19:21:11","date_gmt":"2025-07-04T19:21:11","guid":{"rendered":"https:\/\/www.europesays.com\/fr\/226353\/"},"modified":"2025-07-04T19:21:11","modified_gmt":"2025-07-04T19:21:11","slug":"il-assure-proposer-lhappy-hour-le-moins-cher-de-la-ville-cet-ete","status":"publish","type":"post","link":"https:\/\/www.europesays.com\/fr\/226353\/","title":{"rendered":"il assure proposer \u00ab\u00a0l&rsquo;happy hour le moins cher\u00a0\u00bb de la ville cet \u00e9t\u00e9"},"content":{"rendered":"<p>            Par<br \/>\n        <strong><br \/>\n            <a href=\"https:\/\/actu.fr\/auteur\/david-saint-sernin\" title=\"Consulter tous les articles de David Saint-Sernin\" target=\"_blank\" rel=\"noopener\">David Saint-Sernin<\/a><br \/>\n        <\/strong><\/p>\n<p>        Publi\u00e9 le<\/p>\n<p>            4 juil. 2025 \u00e0 20h53        <\/p>\n<p>C\u2019est un \u00e9tablissement incontournable <a href=\"https:\/\/actu.fr\/toulouse\/\" target=\"_blank\" rel=\"noopener\">\u00e0 Toulouse<\/a> qui a accueilli des g\u00e9n\u00e9rations de f\u00eatards toulousains. Les tables de la Tantina de Burgos sont en effet connues aux quatre coins de l\u2019Occitanie. Quel \u00e9tudiant n\u2019y a pas pos\u00e9 les pieds \u00e0 un moment de son parcours universitaire\u2009?<\/p>\n<p class=\" wall-content\">Mais en ce mois de juillet\u00a02025, l\u2019\u00e9tablissement g\u00e9r\u00e9 par <strong>Jean-Charles Casella<\/strong> veut proposer une autre offre. Il annonce\u2009:<\/p>\n<p>\u00ab\u2009L\u2019happy hour le moins cher de Toulouse\u2009\u00bb<\/p>\n<p class=\" wall-content\">\u00ab\u2009La Tantina de Burgos qui propose durant tout l\u2019\u00e9t\u00e9 l\u2019happy hour le moins cher de Toulouse de 17h \u00e0 19h30\u2009\u00bb, assure-t-il.<\/p>\n<p class=\" wall-content\">\u00ab\u2009Notre projet pour cet \u00e9t\u00e9 est de rassembler les Toulousains sur notre grande terrasse \u00e0 l\u2019heure de l\u2019ap\u00e9ro. Nous avons un site exceptionnel, tr\u00e8s arbor\u00e9 et fleuri, et c\u00f4t\u00e9 tapas, c\u2019est une v\u00e9ritable promesse de partage avec toutes les saveurs de l\u2019\u00e9t\u00e9 sous les lampions de la terrasse\u2009\u00bb, explique <strong>Jean-Charles Casella.<\/strong><\/p>\n<p>    <img   decoding=\"async\" loading=\"lazy\" src=\"https:\/\/www.europesays.com\/fr\/wp-content\/uploads\/2025\/07\/img-2170-960x640.jpg\" alt=\"La Tantina de Burgos propose des tapas g\u00e9n\u00e9reux lors de cet happy hour \" width=\"960\" height=\"640\"\/><br \/>\n    La Tantina de Burgos propose des tapas g\u00e9n\u00e9reuses lors de cette happy hour \u00ab\u2009Les Heures Joyeuses\u2009\u00bb que l\u2019\u00e9tablissement propose tout l\u2019\u00e9t\u00e9. (\u00a9La Tantina de Burgos)<\/p>\n<p class=\" wall-content\">Pour attirer un large public, des bi\u00e8res et tapas \u00e0 la carte seront commandables \u00e0 partir de 3 euros, ainsi \u00ab\u2009qu\u2019une grande planche de grillade de l\u2019\u00e9t\u00e9 \u00e0 15 euros par personne\u2009\u00bb.<\/p>\n<p>Vid\u00e9os : en ce moment sur Actu<\/p>\n<p class=\" wall-content\">\u00c0\u00a0partir de 22h, la Tantina reprend ses droits de \u00ab\u2009bar \u00e0 bringue\u2009\u00bb avec tous les grands classiques musicaux et la foule qui danse sur les tables.<\/p>\n<p><strong>Infos Pratiques<\/strong><br \/>\nLa Tantina de Burgos<br \/>\n27 Av. de la Garonnette \u00e0\u00a0Toulouse<br \/>\nContact\u2009: 05\u200961\u200955\u200959\u200929<br \/><a href=\"https:\/\/www.tantinadeburgos.com\/\" target=\"_blank\" rel=\"noopener\">www.tantinadeburgos.com<\/a><\/p>\n<p class=\" wall-content\">Suivez toute l\u2019actualit\u00e9 de vos villes et m\u00e9dias favoris en vous inscrivant \u00e0 <a href=\"https:\/\/moncompte.actu.fr\" title=\"D\u00e9couvez Mon Actu\" rel=\"nofollow noopener\" data-trk=\"{&quot;cta&quot;:{&quot;action&quot;:&quot;https:\\\/\\\/moncompte.actu.fr&quot;,&quot;category&quot;:&quot;mon compte&quot;,&quot;from&quot;:&quot;article footer&quot;,&quot;name&quot;:&quot;Mon actu&quot;,&quot;type&quot;:&quot;cta&quot;}}\" target=\"_blank\">Mon Actu<\/a>.<\/p>\n<ul class=\"ac-article-tag wall-content\">\n<li><a href=\"https:\/\/actu.fr\/tag\/commerce\" data-trk=\"{&quot;cta&quot;:{&quot;action&quot;:&quot;Commerce&quot;,&quot;category&quot;:&quot;tag&quot;,&quot;from&quot;:&quot;article footer&quot;,&quot;name&quot;:&quot;Commerce&quot;,&quot;type&quot;:&quot;cta&quot;}}\" target=\"_blank\" rel=\"noopener\">#Commerce<\/a><\/li>\n<li><a href=\"https:\/\/actu.fr\/tag\/restaurants-de-toulouse\" data-trk=\"{&quot;cta&quot;:{&quot;action&quot;:&quot;Restaurants de Toulouse&quot;,&quot;category&quot;:&quot;tag&quot;,&quot;from&quot;:&quot;article footer&quot;,&quot;name&quot;:&quot;Restaurants de Toulouse&quot;,&quot;type&quot;:&quot;cta&quot;}}\" target=\"_blank\" rel=\"noopener\">#Restaurants de Toulouse<\/a><\/li>\n<\/ul>\n","protected":false},"excerpt":{"rendered":"Par David Saint-Sernin Publi\u00e9 le 4 juil. 2025 \u00e0 20h53 C\u2019est un \u00e9tablissement incontournable \u00e0 Toulouse qui a&hellip;\n","protected":false},"author":2,"featured_media":226354,"comment_status":"","ping_status":"","sticky":false,"template":"","format":"standard","meta":{"footnotes":""},"categories":[2816],"tags":[1111,11,215,1777,674,1011,27,12,2680,25,2850,104,2312],"class_list":{"0":"post-226353","1":"post","2":"type-post","3":"status-publish","4":"format-standard","5":"has-post-thumbnail","7":"category-toulouse","8":"tag-actu","9":"tag-actualites","10":"tag-commerce","11":"tag-eu","12":"tag-europe","13":"tag-fr","14":"tag-france","15":"tag-news","16":"tag-occitanie","17":"tag-republique-francaise","18":"tag-restaurants-de-toulouse","19":"tag-societe","20":"tag-toulouse"},"share_on_mastodon":{"url":"https:\/\/pubeurope.com\/@fr\/114796592110579778","error":""},"_links":{"self":[{"href":"https:\/\/www.europesays.com\/fr\/wp-json\/wp\/v2\/posts\/226353","targetHints":{"allow":["GET"]}}],"collection":[{"href":"https:\/\/www.europesays.com\/fr\/wp-json\/wp\/v2\/posts"}],"about":[{"href":"https:\/\/www.europesays.com\/fr\/wp-json\/wp\/v2\/types\/post"}],"author":[{"embeddable":true,"href":"https:\/\/www.europesays.com\/fr\/wp-json\/wp\/v2\/users\/2"}],"replies":[{"embeddable":true,"href":"https:\/\/www.europesays.com\/fr\/wp-json\/wp\/v2\/comments?post=226353"}],"version-history":[{"count":0,"href":"https:\/\/www.europesays.com\/fr\/wp-json\/wp\/v2\/posts\/226353\/revisions"}],"wp:featuredmedia":[{"embeddable":true,"href":"https:\/\/www.europesays.com\/fr\/wp-json\/wp\/v2\/media\/226354"}],"wp:attachment":[{"href":"https:\/\/www.europesays.com\/fr\/wp-json\/wp\/v2\/media?parent=226353"}],"wp:term":[{"taxonomy":"category","embeddable":true,"href":"https:\/\/www.europesays.com\/fr\/wp-json\/wp\/v2\/categories?post=226353"},{"taxonomy":"post_tag","embeddable":true,"href":"https:\/\/www.europesays.com\/fr\/wp-json\/wp\/v2\/tags?post=226353"}],"curies":[{"name":"wp","href":"https:\/\/api.w.org\/{rel}","templated":true}]}}