{"id":226359,"date":"2025-07-04T19:24:10","date_gmt":"2025-07-04T19:24:10","guid":{"rendered":"https:\/\/www.europesays.com\/fr\/226359\/"},"modified":"2025-07-04T19:24:10","modified_gmt":"2025-07-04T19:24:10","slug":"a-marseille-les-assistants-sociaux-scolaires-alertent-sur-leur-devenir","status":"publish","type":"post","link":"https:\/\/www.europesays.com\/fr\/226359\/","title":{"rendered":"\u00e0 Marseille, les assistants sociaux scolaires alertent sur leur devenir"},"content":{"rendered":"<p>\u00ab\u00a0Pas de lien sans pr\u00e9sence, pas de pr\u00e9sence sans moyens\u00a0\u00bb, \u00ab\u00a0Travail social saupoudr\u00e9, diss\u00e9min\u00e9, ub\u00e9ris\u00e9, atomis\u00e9, et pourquoi pas d\u00e9mat\u00e9rialis\u00e9\u00a0?\u00a0\u00bb, \u00ab\u00a0Assistante sociale scolaire, bient\u00f4t un hologramme dans vos \u00e9tablissements\u00a0\u00bb\u00a0: les pancartes d\u00e9ploy\u00e9es par les quelque 200\u00a0manifestants r\u00e9unis ce vendredi 4\u00a0juillet devant la <a href=\"https:\/\/www.laprovence.com\/article\/region\/25151733971796\/a-marseille-les-enseignants-crient-leur-ras-le-bol-cest-une-declaration-de-guerre-de-la-part-du-gouvernement\" target=\"_blank\" rel=\"noopener\">Direction des services d\u00e9partementaux de l\u2019\u00c9ducation nationale<\/a> alignaient les formules chocs.<\/p>\n","protected":false},"excerpt":{"rendered":"\u00ab\u00a0Pas de lien sans pr\u00e9sence, pas de pr\u00e9sence sans moyens\u00a0\u00bb, \u00ab\u00a0Travail social saupoudr\u00e9, diss\u00e9min\u00e9, ub\u00e9ris\u00e9, atomis\u00e9, et pourquoi&hellip;\n","protected":false},"author":2,"featured_media":226360,"comment_status":"","ping_status":"","sticky":false,"template":"","format":"standard","meta":{"footnotes":""},"categories":[2814],"tags":[17,1111,11,36489,1102,25355,1777,674,1011,27,151,884,12,3946,5261,882,16,25,17247],"class_list":{"0":"post-226359","1":"post","2":"type-post","3":"status-publish","4":"format-standard","5":"has-post-thumbnail","7":"category-marseille","8":"tag-17","9":"tag-actu","10":"tag-actualites","11":"tag-assistants","12":"tag-breakingnews","13":"tag-entendus","14":"tag-eu","15":"tag-europe","16":"tag-fr","17":"tag-france","18":"tag-les","19":"tag-marseille","20":"tag-news","21":"tag-nous","22":"tag-pas","23":"tag-provence-alpes-cote-dazur","24":"tag-region","25":"tag-republique-francaise","26":"tag-sommes"},"share_on_mastodon":{"url":"https:\/\/pubeurope.com\/@fr\/114796603906819185","error":""},"_links":{"self":[{"href":"https:\/\/www.europesays.com\/fr\/wp-json\/wp\/v2\/posts\/226359","targetHints":{"allow":["GET"]}}],"collection":[{"href":"https:\/\/www.europesays.com\/fr\/wp-json\/wp\/v2\/posts"}],"about":[{"href":"https:\/\/www.europesays.com\/fr\/wp-json\/wp\/v2\/types\/post"}],"author":[{"embeddable":true,"href":"https:\/\/www.europesays.com\/fr\/wp-json\/wp\/v2\/users\/2"}],"replies":[{"embeddable":true,"href":"https:\/\/www.europesays.com\/fr\/wp-json\/wp\/v2\/comments?post=226359"}],"version-history":[{"count":0,"href":"https:\/\/www.europesays.com\/fr\/wp-json\/wp\/v2\/posts\/226359\/revisions"}],"wp:featuredmedia":[{"embeddable":true,"href":"https:\/\/www.europesays.com\/fr\/wp-json\/wp\/v2\/media\/226360"}],"wp:attachment":[{"href":"https:\/\/www.europesays.com\/fr\/wp-json\/wp\/v2\/media?parent=226359"}],"wp:term":[{"taxonomy":"category","embeddable":true,"href":"https:\/\/www.europesays.com\/fr\/wp-json\/wp\/v2\/categories?post=226359"},{"taxonomy":"post_tag","embeddable":true,"href":"https:\/\/www.europesays.com\/fr\/wp-json\/wp\/v2\/tags?post=226359"}],"curies":[{"name":"wp","href":"https:\/\/api.w.org\/{rel}","templated":true}]}}