{"id":226361,"date":"2025-07-04T19:25:09","date_gmt":"2025-07-04T19:25:09","guid":{"rendered":"https:\/\/www.europesays.com\/fr\/226361\/"},"modified":"2025-07-04T19:25:09","modified_gmt":"2025-07-04T19:25:09","slug":"a-marseille-les-travaux-de-la-villa-valmer-affectent-les-riverains","status":"publish","type":"post","link":"https:\/\/www.europesays.com\/fr\/226361\/","title":{"rendered":"\u00e0 Marseille, les travaux de la Villa Valmer affectent les riverains"},"content":{"rendered":"<p>Du bleu plein les yeux\u00a0: la rade de Marseille avec ses ferrys d\u2019un c\u00f4t\u00e9, et les voiliers qui font route vers la Corse ou la Sardaigne, de l\u2019autre. Le paysage, depuis la copropri\u00e9t\u00e9 aux plus de 200 appartements du Parc Montvert (7e), serait presque trop idyllique s\u2019il n\u2019avait pas\u2026 le bruit \u00ab\u00a0permanent\u00a0\u00bb des moteurs. Les riverains s\u2019agacent des travaux programm\u00e9s pour les deux prochaines ann\u00e9es visant \u00e0 <a href=\"https:\/\/www.laprovence.com\/article\/region\/7029311757059914\/un-culture-hotel-se-dessine-a-la-villa-valmer-a-marseille\" target=\"_blank\" rel=\"noopener\">faire de la Villa Valmer un h\u00f4tel<\/a>\u00a0pour <a href=\"https:\/\/www.laprovence.com\/article\/region\/6289668401051314\/problemes-de-recrutement-dans-lhotellerie-restauration-cinq-mois-que-j-attends-de-voir-le-bon-candidat\" target=\"_blank\" rel=\"noopener\">les touristes du monde entier<\/a>.<\/p>\n","protected":false},"excerpt":{"rendered":"Du bleu plein les yeux\u00a0: la rade de Marseille avec ses ferrys d\u2019un c\u00f4t\u00e9, et les voiliers qui&hellip;\n","protected":false},"author":2,"featured_media":226362,"comment_status":"","ping_status":"","sticky":false,"template":"","format":"standard","meta":{"footnotes":""},"categories":[2814],"tags":[17,1111,11,3136,2837,1777,674,1011,27,151,884,36490,12,5241,882,16,25,8994],"class_list":{"0":"post-226361","1":"post","2":"type-post","3":"status-publish","4":"format-standard","5":"has-post-thumbnail","7":"category-marseille","8":"tag-17","9":"tag-actu","10":"tag-actualites","11":"tag-cote","12":"tag-dun","13":"tag-eu","14":"tag-europe","15":"tag-fr","16":"tag-france","17":"tag-les","18":"tag-marseille","19":"tag-marteau-piqueur","20":"tag-news","21":"tag-on","22":"tag-provence-alpes-cote-dazur","23":"tag-region","24":"tag-republique-francaise","25":"tag-vit"},"share_on_mastodon":{"url":"https:\/\/pubeurope.com\/@fr\/114796607776410690","error":""},"_links":{"self":[{"href":"https:\/\/www.europesays.com\/fr\/wp-json\/wp\/v2\/posts\/226361","targetHints":{"allow":["GET"]}}],"collection":[{"href":"https:\/\/www.europesays.com\/fr\/wp-json\/wp\/v2\/posts"}],"about":[{"href":"https:\/\/www.europesays.com\/fr\/wp-json\/wp\/v2\/types\/post"}],"author":[{"embeddable":true,"href":"https:\/\/www.europesays.com\/fr\/wp-json\/wp\/v2\/users\/2"}],"replies":[{"embeddable":true,"href":"https:\/\/www.europesays.com\/fr\/wp-json\/wp\/v2\/comments?post=226361"}],"version-history":[{"count":0,"href":"https:\/\/www.europesays.com\/fr\/wp-json\/wp\/v2\/posts\/226361\/revisions"}],"wp:featuredmedia":[{"embeddable":true,"href":"https:\/\/www.europesays.com\/fr\/wp-json\/wp\/v2\/media\/226362"}],"wp:attachment":[{"href":"https:\/\/www.europesays.com\/fr\/wp-json\/wp\/v2\/media?parent=226361"}],"wp:term":[{"taxonomy":"category","embeddable":true,"href":"https:\/\/www.europesays.com\/fr\/wp-json\/wp\/v2\/categories?post=226361"},{"taxonomy":"post_tag","embeddable":true,"href":"https:\/\/www.europesays.com\/fr\/wp-json\/wp\/v2\/tags?post=226361"}],"curies":[{"name":"wp","href":"https:\/\/api.w.org\/{rel}","templated":true}]}}