{"id":226363,"date":"2025-07-04T19:26:11","date_gmt":"2025-07-04T19:26:11","guid":{"rendered":"https:\/\/www.europesays.com\/fr\/226363\/"},"modified":"2025-07-04T19:26:11","modified_gmt":"2025-07-04T19:26:11","slug":"huit-mois-de-prison-avec-sursis","status":"publish","type":"post","link":"https:\/\/www.europesays.com\/fr\/226363\/","title":{"rendered":"huit mois de prison avec sursis"},"content":{"rendered":"<p>\u00ab\u00a0Le chemin de libert\u00e9 a \u00e9t\u00e9 rude. Merci \u00e0 la justice qui ne m\u2019a pas l\u00e2ch\u00e9.\u00a0\u00bb Ces propos tenus devant le tribunal correctionnel de Lyon d\u00e9notent autant que le profil du pr\u00e9venu.<\/p>\n<p>Un pr\u00eatre de 51 ans a \u00e9cop\u00e9, vendredi matin, de huit mois de prison avec sursis, dans le cadre d\u2019une comparution sur reconnaissance pr\u00e9alable de culpabilit\u00e9, le plaider-coupable \u00e0 la fran\u00e7aise. La peine, propos\u00e9e par le parquet de Lyon lors d\u2019un entretien tripartite avec le mis en cause et son conseil, a \u00e9t\u00e9 homologu\u00e9e par une magistrate du si\u00e8ge, lors d\u2019une courte audience publique.<\/p>\n<p>Le cur\u00e9 a \u00e9t\u00e9 condamn\u00e9 pour \u201catteinte \u00e0 l\u2019intimit\u00e9 de la vie priv\u00e9e par fixation, enregistrement ou transmission de l\u2019image d\u2019une personne pr\u00e9sentant un caract\u00e8re sexuel\u201d. Les faits ont \u00e9t\u00e9 commis un jour de Toussaint, le 1er \u00a0novembre 2021 \u00e0 Lyon\ufeff. La victime est un paroissien, \u00e2g\u00e9&#8230;<\/p>\n","protected":false},"excerpt":{"rendered":"\u00ab\u00a0Le chemin de libert\u00e9 a \u00e9t\u00e9 rude. Merci \u00e0 la justice qui ne m\u2019a pas l\u00e2ch\u00e9.\u00a0\u00bb Ces propos&hellip;\n","protected":false},"author":2,"featured_media":226364,"comment_status":"","ping_status":"","sticky":false,"template":"","format":"standard","meta":{"footnotes":""},"categories":[1889],"tags":[1111,11,2430,271,272,2757,1777,674,274,107,1011,27,2428,2756,12,25,2429],"class_list":{"0":"post-226363","1":"post","2":"type-post","3":"status-publish","4":"format-standard","5":"has-post-thumbnail","7":"category-lyon","8":"tag-actu","9":"tag-actualites","10":"tag-auvergne-rhone-alpes","11":"tag-crime","12":"tag-delit-et-contravention","13":"tag-edition-lyon-villeurbanne","14":"tag-eu","15":"tag-europe","16":"tag-faits-divers-justice","17":"tag-fil-info","18":"tag-fr","19":"tag-france","20":"tag-lyon","21":"tag-lyon-bassin","22":"tag-news","23":"tag-republique-francaise","24":"tag-rhone"},"share_on_mastodon":{"url":"https:\/\/pubeurope.com\/@fr\/114796611766608699","error":""},"_links":{"self":[{"href":"https:\/\/www.europesays.com\/fr\/wp-json\/wp\/v2\/posts\/226363","targetHints":{"allow":["GET"]}}],"collection":[{"href":"https:\/\/www.europesays.com\/fr\/wp-json\/wp\/v2\/posts"}],"about":[{"href":"https:\/\/www.europesays.com\/fr\/wp-json\/wp\/v2\/types\/post"}],"author":[{"embeddable":true,"href":"https:\/\/www.europesays.com\/fr\/wp-json\/wp\/v2\/users\/2"}],"replies":[{"embeddable":true,"href":"https:\/\/www.europesays.com\/fr\/wp-json\/wp\/v2\/comments?post=226363"}],"version-history":[{"count":0,"href":"https:\/\/www.europesays.com\/fr\/wp-json\/wp\/v2\/posts\/226363\/revisions"}],"wp:featuredmedia":[{"embeddable":true,"href":"https:\/\/www.europesays.com\/fr\/wp-json\/wp\/v2\/media\/226364"}],"wp:attachment":[{"href":"https:\/\/www.europesays.com\/fr\/wp-json\/wp\/v2\/media?parent=226363"}],"wp:term":[{"taxonomy":"category","embeddable":true,"href":"https:\/\/www.europesays.com\/fr\/wp-json\/wp\/v2\/categories?post=226363"},{"taxonomy":"post_tag","embeddable":true,"href":"https:\/\/www.europesays.com\/fr\/wp-json\/wp\/v2\/tags?post=226363"}],"curies":[{"name":"wp","href":"https:\/\/api.w.org\/{rel}","templated":true}]}}