{"id":226365,"date":"2025-07-04T19:27:10","date_gmt":"2025-07-04T19:27:10","guid":{"rendered":"https:\/\/www.europesays.com\/fr\/226365\/"},"modified":"2025-07-04T19:27:10","modified_gmt":"2025-07-04T19:27:10","slug":"mercato-du-mouvement-a-lyon-france-lyon","status":"publish","type":"post","link":"https:\/\/www.europesays.com\/fr\/226365\/","title":{"rendered":"Mercato : du mouvement \u00e0 Lyon ! &#8211; France &#8211; Lyon"},"content":{"rendered":"<p>\u00c7a vend, \u00e7a ach\u00e8te : c\u2019est le mercato.<\/p>\n<p>\u00c0 Lyon, <a target=\"_blank\" href=\"https:\/\/www.sofoot.com\/breves\/mercato-alexandre-lacazette-legende-de-lolympique-lyonnais-officiellement-a-neom\" rel=\"nofollow noopener\">il est d\u00e9j\u00e0 bien entam\u00e9.<\/a> Et ce vendredi, l\u2019Olympique lyonnais a enregistr\u00e9 une perte suppl\u00e9mentaire : <strong>arriv\u00e9 pour douze millions d\u2019euros en 2023, Amin Sarr vient d\u2019\u00eatre rel\u00e2ch\u00e9 cinq millions au Hellas V\u00e9rone<\/strong> o\u00f9 il avait \u00e9t\u00e9 pr\u00eat\u00e9. Pas une tr\u00e8s bonne affaire, sur le papier\u2026<\/p>\n<p><a class=\"tti\" href=\"https:\/\/x.com\/OL\/status\/1941165110224969834\" target=\"_blank\" rel=\"noopener nofollow\"><img decoding=\"async\" loading=\"lazy\" src=\"https:\/\/www.europesays.com\/fr\/wp-content\/uploads\/2025\/07\/1751657230_695_grande.jpg\" alt=\"Tweet\"\/><\/a><\/p>\n<p>Du c\u00f4t\u00e9 d\u2019OL Lyonnes, c\u2019est un renfort qui a \u00e9t\u00e9 officialis\u00e9 : <strong>Korbin Albert, joueuse am\u00e9ricaine qui \u00e9voluait au Paris Saint-Germain et 26 s\u00e9lections avec les \u00c9tats-Unis au compteur, s\u2019est engag\u00e9e<\/strong> pour trois ans avec le club qui a \u00e9t\u00e9 couronn\u00e9 champion de France.<\/p>\n<p><a target=\"_blank\" href=\"https:\/\/www.sofoot.com\/breves\/ligue-1-lolympique-lyonnais-na-pas-besoin-de-70-mais-100-millions-deuros-pour-sauver-sa-place-en-ligue-1-aupres-de-la-dncg\" rel=\"nofollow noopener\">Chacun ses pr\u00e9rogatives<\/a>\u2026<\/p>\n<p>\t\t\t\t\t\t\t\t\t\t<a class=\"lien-connexe\" href=\"https:\/\/www.sofoot.com\/breves\/ligue-1-lolympique-lyonnais-na-pas-besoin-de-70-mais-100-millions-deuros-pour-sauver-sa-place-en-ligue-1-aupres-de-la-dncg\" rel=\"nofollow noopener\" target=\"_blank\">Pour se sauver, l\u2019OL ne doit pas trouver 70, mais&#8230; 100 millions d\u2019euros<\/a>\t\t\t\t\t<\/p>\n","protected":false},"excerpt":{"rendered":"\u00c7a vend, \u00e7a ach\u00e8te : c\u2019est le mercato. \u00c0 Lyon, il est d\u00e9j\u00e0 bien entam\u00e9. Et ce vendredi,&hellip;\n","protected":false},"author":2,"featured_media":226366,"comment_status":"","ping_status":"","sticky":false,"template":"","format":"standard","meta":{"footnotes":""},"categories":[1889],"tags":[1111,47,11,61,2430,69,65,64,1777,674,63,1011,27,68,66,2428,12,62,70,25,67],"class_list":{"0":"post-226365","1":"post","2":"type-post","3":"status-publish","4":"format-standard","5":"has-post-thumbnail","7":"category-lyon","8":"tag-actu","9":"tag-actualite","10":"tag-actualites","11":"tag-actus-football","12":"tag-auvergne-rhone-alpes","13":"tag-bundesliga","14":"tag-championnats-europeens","15":"tag-equipe-de-france","16":"tag-eu","17":"tag-europe","18":"tag-football","19":"tag-fr","20":"tag-france","21":"tag-ligua","22":"tag-ligue-1","23":"tag-lyon","24":"tag-news","25":"tag-news-foot","26":"tag-premier-league","27":"tag-republique-francaise","28":"tag-serie-a"},"share_on_mastodon":{"url":"https:\/\/pubeurope.com\/@fr\/114796615710898021","error":""},"_links":{"self":[{"href":"https:\/\/www.europesays.com\/fr\/wp-json\/wp\/v2\/posts\/226365","targetHints":{"allow":["GET"]}}],"collection":[{"href":"https:\/\/www.europesays.com\/fr\/wp-json\/wp\/v2\/posts"}],"about":[{"href":"https:\/\/www.europesays.com\/fr\/wp-json\/wp\/v2\/types\/post"}],"author":[{"embeddable":true,"href":"https:\/\/www.europesays.com\/fr\/wp-json\/wp\/v2\/users\/2"}],"replies":[{"embeddable":true,"href":"https:\/\/www.europesays.com\/fr\/wp-json\/wp\/v2\/comments?post=226365"}],"version-history":[{"count":0,"href":"https:\/\/www.europesays.com\/fr\/wp-json\/wp\/v2\/posts\/226365\/revisions"}],"wp:featuredmedia":[{"embeddable":true,"href":"https:\/\/www.europesays.com\/fr\/wp-json\/wp\/v2\/media\/226366"}],"wp:attachment":[{"href":"https:\/\/www.europesays.com\/fr\/wp-json\/wp\/v2\/media?parent=226365"}],"wp:term":[{"taxonomy":"category","embeddable":true,"href":"https:\/\/www.europesays.com\/fr\/wp-json\/wp\/v2\/categories?post=226365"},{"taxonomy":"post_tag","embeddable":true,"href":"https:\/\/www.europesays.com\/fr\/wp-json\/wp\/v2\/tags?post=226365"}],"curies":[{"name":"wp","href":"https:\/\/api.w.org\/{rel}","templated":true}]}}