{"id":226367,"date":"2025-07-04T19:29:19","date_gmt":"2025-07-04T19:29:19","guid":{"rendered":"https:\/\/www.europesays.com\/fr\/226367\/"},"modified":"2025-07-04T19:29:19","modified_gmt":"2025-07-04T19:29:19","slug":"une-nouvelle-vague-de-chaleur-probable-a-paris-et-en-ile-de-france-avec-plus-de-35-degres-decouvrez-a-partir-de-quand","status":"publish","type":"post","link":"https:\/\/www.europesays.com\/fr\/226367\/","title":{"rendered":"Une nouvelle vague de chaleur probable \u00e0 Paris et en \u00cele-de-France avec plus de 35 degr\u00e9s. D\u00e9couvrez \u00e0 partir de quand"},"content":{"rendered":"<p> <img decoding=\"async\" fetchpriority=\"high\" src=\"https:\/\/www.europesays.com\/fr\/wp-content\/uploads\/2025\/07\/dailymotion-x9mbpoc_1024.jpg\"  width=\"768\" height=\"432\" id=\"x9mbpoc\"\/>  <\/p>\n<p>Si la pluie est attendue sur la r\u00e9gion parisienne au cours des prochains jours, avec \u00e0 la cl\u00e9 un net rafra\u00eechissement, une nouvelle vague de chaleur semble probable \u00e0 partir de la semaine prochaine. D\u00e9couvrez \u00e0 partir de quand.<\/p>\n<p>    <img decoding=\"async\" fetchpriority=\"high\" src=\"https:\/\/www.europesays.com\/fr\/wp-content\/uploads\/2025\/04\/marc-hay.jpg\" alt=\"Marc Hay\" width=\"40\" height=\"40\"\/>    <a class=\"nombre text-hv\" href=\"https:\/\/www.tameteo.com\/auteur\/marc-hay\/\" title=\"Marc Hay\" rel=\"nofollow noopener\" target=\"_blank\">Marc Hay<\/a>         04\/07\/2025 15:56   4 min   <\/p>\n<p>Vous n\u2019aimez ni la pluie ni la fra\u00eecheur ? <strong>Vous devriez pourtant appr\u00e9cier la m\u00e9t\u00e9o pr\u00e9vue ce dimanche. <\/strong>Certes, la journ\u00e9e s\u2019annonce humide\u2026 mais en regardant ce qui nous attend la semaine prochaine, vous pourriez finalement la trouver agr\u00e9able.<\/p>\n<p>En effet, apr\u00e8s un d\u00e9but de semaine prochaine plus frais, l\u2019anticyclone fera son retour, <strong>apportant \u00e0 nouveau un soleil de plomb et des temp\u00e9ratures en forte hausse sur la r\u00e9gion.<\/strong><\/p>\n<p>La journ\u00e9e de mardi restera encore un peu fra\u00eeche, mais d\u00e8s mercredi, nous retrouverons des valeurs plus conformes pour la saison. En r\u00e9alit\u00e9, <strong>les choses s\u00e9rieuses commenceront en seconde partie de semaine, <\/strong>avec des temp\u00e9ratures de plus en plus \u00e9lev\u00e9es. D\u00e8s jeudi, le seuil des 30 \u00b0C pourrait de nouveau \u00eatre atteint en \u00cele-de-France.<\/p>\n<p>Comment les temp\u00e9ratures vont-elles \u00e9voluer \u00e0 partir du 11 juillet ? \u00c0 quoi faut-il s\u2019attendre pour le long week-end du 14 juillet ?<strong> La r\u00e9gion est-elle menac\u00e9e par une nouvelle canicule ? <\/strong>Retrouvez les premiers \u00e9l\u00e9ments de r\u00e9ponse dans cet article.<\/p>\n<p>De la pluie ce week-end ! <\/p>\n<p>De la pluie, oui, mais pas pour tout le week-end !<strong> La journ\u00e9e de samedi s\u2019annonce en effet belle et plut\u00f4t ensoleill\u00e9e.<\/strong><\/p>\n<p><img loading=\"lazy\" decoding=\"async\" fetchpriority=\"low\" class=\"lazy \" src=\"https:\/\/www.europesays.com\/fr\/wp-content\/uploads\/2025\/07\/une-nouvelle-vague-de-chaleur-probable-a-paris-et-en-ile-de-france-avec-plus-de-35-degres-decouvrez-.png\"  width=\"768\" height=\"432\" data-image=\"2bjqe6r3u0zv\"\/><\/p>\n<p>Le ciel, simplement voil\u00e9 en matin\u00e9e, laissera place \u00e0 un ciel partag\u00e9 entre nuages et \u00e9claircies l\u2019apr\u00e8s-midi.<\/p>\n<p><a class=\"imagen \" href=\"https:\/\/www.tameteo.com\/actualites\/previsions\/changement-radical-de-temps-en-france-arrivee-d-une-perturbation-pluvieuse-active-decouvrez-a-partir-de-quelle-date-week-end.html\" title=\"Changement radical de temps en France : arriv\u00e9e d&#039;une perturbation pluvieuse active. D\u00e9couvrez \u00e0 partir de quelle date\" rel=\"nofollow noopener\" target=\"_blank\"><img loading=\"lazy\" decoding=\"async\" fetchpriority=\"low\" class=\"lazy img-body non-editable\" src=\"https:\/\/www.europesays.com\/fr\/wp-content\/uploads\/2025\/07\/changement-radical-de-temps-en-france-arrivee-d-une-perturbation-pluvieuse-active-decouvrez-a-partir.png\"  width=\"320\" height=\"225\" alt=\"Changement radical de temps en France : arriv\u00e9e d'une perturbation pluvieuse active. D\u00e9couvrez \u00e0 partir de quelle date\"\/><\/a><\/p>\n<p><strong>Il est pr\u00e9vu 28 degr\u00e9s samedi apr\u00e8s-midi, <\/strong>soit une temp\u00e9rature l\u00e9g\u00e8rement sup\u00e9rieure \u00e0 la normale de saison pour la capitale d\u00e9but juillet.<\/p>\n<p>De la pluie dimanche <\/p>\n<p>Dimanche, <strong>une perturbation active traversera la <a href=\"https:\/\/www.tameteo.com\/meteo-Europe-France-Ile+de+France-1-1-135-29.html\" data-mrf-recirculation=\"cuerpo_intext\" rel=\"nofollow noopener\" target=\"_blank\">r\u00e9gion parisienne<\/a>, <\/strong>accompagn\u00e9e de pluie et d\u2019un vent sensible de secteur nord-ouest.<\/p>\n<p><img loading=\"lazy\" decoding=\"async\" fetchpriority=\"low\" class=\"lazy \" src=\"https:\/\/www.europesays.com\/fr\/wp-content\/uploads\/2025\/07\/1751657358_983_une-nouvelle-vague-de-chaleur-probable-a-paris-et-en-ile-de-france-avec-plus-de-35-degres-decouvrez-.png\"  width=\"768\" height=\"432\" alt=\"Une perturbation attendue dimanche au-dessus de l'\u00cele-de-France.\" title=\"Une perturbation attendue dimanche au-dessus de l'\u00cele-de-France.\" data-image=\"0uvys2cimduh\"\/>Une perturbation attendue dimanche au-dessus de l&rsquo;\u00cele-de-France. <\/p>\n<p>Sous les pr\u00e9cipitations et sous l\u2019influence d\u2019un vent de secteur nord-ouest, avec des rafales proches de 50 km\/h, <strong>les temp\u00e9ratures baisseront. Il est pr\u00e9vu 24 degr\u00e9s dimanche apr\u00e8s-midi.<\/strong><\/p>\n<p>Nouvelle vague de chaleur la semaine prochaine ?<\/p>\n<p>La semaine prochaine, apr\u00e8s un lundi assez frais pour la saison, <strong>les temp\u00e9ratures devraient repartir progressivement \u00e0 la hausse \u00e0 partir de mardi.<\/strong><\/p>\n<p><img loading=\"lazy\" decoding=\"async\" fetchpriority=\"low\" class=\"lazy \" src=\"https:\/\/www.europesays.com\/fr\/wp-content\/uploads\/2025\/07\/1751657358_877_une-nouvelle-vague-de-chaleur-probable-a-paris-et-en-ile-de-france-avec-plus-de-35-degres-decouvrez-.png\"  width=\"768\" height=\"432\" alt=\"Chaleur encore tr\u00e8s raisonnable en milieu de semaine prochaine.\" title=\"Chaleur encore tr\u00e8s raisonnable en milieu de semaine prochaine.\" data-image=\"tidf7mtka1rx\"\/>Chaleur encore tr\u00e8s raisonnable en milieu de semaine prochaine. <\/p>\n<p>D\u00e8s mercredi,<strong> un franc soleil s\u2019imposera sur la r\u00e9gion parisienne, avec de la chaleur, mais une chaleur tout \u00e0 fait raisonnable. <\/strong>Il est pr\u00e9vu 26 \u00e0 27 degr\u00e9s mercredi prochain \u00e0 <a href=\"https:\/\/www.tameteo.com\/meteo_Paris-Europe-France-Paris-LFPB-1-26048.html\" data-mrf-recirculation=\"cuerpo_intext\" rel=\"nofollow noopener\" target=\"_blank\">Paris<\/a>, soit une temp\u00e9rature de saison.<\/p>\n<p><a class=\"imagen \" href=\"https:\/\/www.tameteo.com\/actualites\/previsions\/meteo-en-france-nos-cartes-le-confirment-voici-la-date-de-la-fin-de-la-vague-de-chaleur-et-l-arrivee-de-l-air-polaire-previsions-week-end-dimanche-canicule-temperatures.html\" title=\"M\u00e9t\u00e9o en France : nos cartes le confirment, voici la date de la fin de la vague de chaleur et l&#039;arriv\u00e9e de l&#039;air polaire\" rel=\"nofollow noopener\" target=\"_blank\"><img loading=\"lazy\" decoding=\"async\" fetchpriority=\"low\" class=\"lazy img-body non-editable\" src=\"https:\/\/www.europesays.com\/fr\/wp-content\/uploads\/2025\/07\/meteo-en-france-nos-cartes-le-confirment-voici-la-date-de-la-fin-de-la-vague-de-chaleur-et-l-arrivee.png\"  width=\"320\" height=\"225\" alt=\"M\u00e9t\u00e9o en France : nos cartes le confirment, voici la date de la fin de la vague de chaleur et l'arriv\u00e9e de l'air polaire\"\/><\/a>De plus en plus chaud !<\/p>\n<p>Selon les toutes derni\u00e8res pr\u00e9visions \u2014 plut\u00f4t fiables malgr\u00e9 l\u2019\u00e9ch\u00e9ance encore lointaine \u2014<strong> il devrait faire de plus en plus chaud en deuxi\u00e8me partie de semaine prochaine.<\/strong><\/p>\n<p><img loading=\"lazy\" decoding=\"async\" fetchpriority=\"low\" class=\"lazy \" src=\"https:\/\/www.europesays.com\/fr\/wp-content\/uploads\/2025\/07\/1751657359_466_une-nouvelle-vague-de-chaleur-probable-a-paris-et-en-ile-de-france-avec-plus-de-35-degres-decouvrez-.png\"  width=\"768\" height=\"432\" alt=\"Les tr\u00e8s fortes chaleurs finiront par remonter vers la France en seconde partie de semaine prochaine, avec en plus la mise en place d\u2019un nouveau d\u00f4me de chaleur.\" title=\"Les tr\u00e8s fortes chaleurs finiront par remonter vers la France en seconde partie de semaine prochaine, avec en plus la mise en place d\u2019un nouveau d\u00f4me de chaleur.\" data-image=\"sz87sfgw9dwu\"\/>Les tr\u00e8s fortes chaleurs finiront par remonter vers la France en seconde partie de semaine prochaine, avec en plus la mise en place d\u2019un nouveau d\u00f4me de chaleur.<\/p>\n<p>D\u00e8s jeudi, la barre des 30 degr\u00e9s devrait de nouveau \u00eatre atteinte sur la r\u00e9gion parisienne. <strong>Une trentaine de degr\u00e9s est pr\u00e9vue entre jeudi et vendredi.<\/strong><\/p>\n<p>La chaleur devrait encore monter d\u2019un cran \u00e0 l\u2019approche du week-end du 14 juillet. Entre samedi 12 et dimanche 13 juillet,<strong> les temp\u00e9ratures pourraient progressivement approcher, voire d\u00e9passer les 34 \u00e0 35 degr\u00e9s.<\/strong><\/p>\n<p><a class=\"imagen \" href=\"https:\/\/www.tameteo.com\/actualites\/previsions\/nouvelle-vague-de-chaleur-pour-le-14-juillet-que-sait-on-de-la-hausse-du-mercure-prevue-la-semaine-prochaine-canicule.html\" title=\"Nouvelle vague de chaleur pour le 14 juillet : que sait-on de la hausse du mercure pr\u00e9vue la semaine prochaine ?\" rel=\"nofollow noopener\" target=\"_blank\"><img loading=\"lazy\" decoding=\"async\" fetchpriority=\"low\" class=\"lazy img-body non-editable\" src=\"https:\/\/www.europesays.com\/fr\/wp-content\/uploads\/2025\/07\/nouvelle-vague-de-chaleur-pour-le-14-juillet-que-sait-on-de-la-hausse-du-mercure-prevue-la-semaine-p.png\"  width=\"320\" height=\"225\" alt=\"Nouvelle vague de chaleur pour le 14 juillet : que sait-on de la hausse du mercure pr\u00e9vue la semaine prochaine ?\"\/><\/a><\/p>\n<p>Si ces pr\u00e9visions se confirment dans les jours \u00e0 venir, <strong>nous devrions conna\u00eetre une nouvelle canicule sur la r\u00e9gion parisienne. <\/strong>Reste \u00e0 d\u00e9terminer, au cours des prochains jours, <strong>la dur\u00e9e de cette nouvelle vague de chaleur ainsi que son intensit\u00e9.<\/strong><\/p>\n","protected":false},"excerpt":{"rendered":"Si la pluie est attendue sur la r\u00e9gion parisienne au cours des prochains jours, avec \u00e0 la cl\u00e9&hellip;\n","protected":false},"author":2,"featured_media":226368,"comment_status":"","ping_status":"","sticky":false,"template":"","format":"standard","meta":{"footnotes":""},"categories":[1592],"tags":[1111,11,6698,1777,674,1011,27,662,16672,2487,12,626,25,15637],"class_list":{"0":"post-226367","1":"post","2":"type-post","3":"status-publish","4":"format-standard","5":"has-post-thumbnail","7":"category-ile-de-france","8":"tag-actu","9":"tag-actualites","10":"tag-canicule","11":"tag-eu","12":"tag-europe","13":"tag-fr","14":"tag-france","15":"tag-ile-de-france","16":"tag-masse-d","17":"tag-meteo","18":"tag-news","19":"tag-paris","20":"tag-republique-francaise","21":"tag-vague-de-chaleur"},"share_on_mastodon":{"url":"https:\/\/pubeurope.com\/@fr\/114796624357722441","error":""},"_links":{"self":[{"href":"https:\/\/www.europesays.com\/fr\/wp-json\/wp\/v2\/posts\/226367","targetHints":{"allow":["GET"]}}],"collection":[{"href":"https:\/\/www.europesays.com\/fr\/wp-json\/wp\/v2\/posts"}],"about":[{"href":"https:\/\/www.europesays.com\/fr\/wp-json\/wp\/v2\/types\/post"}],"author":[{"embeddable":true,"href":"https:\/\/www.europesays.com\/fr\/wp-json\/wp\/v2\/users\/2"}],"replies":[{"embeddable":true,"href":"https:\/\/www.europesays.com\/fr\/wp-json\/wp\/v2\/comments?post=226367"}],"version-history":[{"count":0,"href":"https:\/\/www.europesays.com\/fr\/wp-json\/wp\/v2\/posts\/226367\/revisions"}],"wp:featuredmedia":[{"embeddable":true,"href":"https:\/\/www.europesays.com\/fr\/wp-json\/wp\/v2\/media\/226368"}],"wp:attachment":[{"href":"https:\/\/www.europesays.com\/fr\/wp-json\/wp\/v2\/media?parent=226367"}],"wp:term":[{"taxonomy":"category","embeddable":true,"href":"https:\/\/www.europesays.com\/fr\/wp-json\/wp\/v2\/categories?post=226367"},{"taxonomy":"post_tag","embeddable":true,"href":"https:\/\/www.europesays.com\/fr\/wp-json\/wp\/v2\/tags?post=226367"}],"curies":[{"name":"wp","href":"https:\/\/api.w.org\/{rel}","templated":true}]}}