{"id":226371,"date":"2025-07-04T19:31:16","date_gmt":"2025-07-04T19:31:16","guid":{"rendered":"https:\/\/www.europesays.com\/fr\/226371\/"},"modified":"2025-07-04T19:31:16","modified_gmt":"2025-07-04T19:31:16","slug":"neil-young-a-paris-voyage-a-nantes-le-festival-davignon-lagenda-de-la-semaine-va-vous-faire-voir-du-pays","status":"publish","type":"post","link":"https:\/\/www.europesays.com\/fr\/226371\/","title":{"rendered":"Neil Young \u00e0 Paris, Voyage \u00e0 Nantes, le Festival d&rsquo;Avignon&#8230; L&rsquo;agenda de la semaine va vous faire voir du pays !"},"content":{"rendered":"<p>Cette semaine, on profite que les temp\u00e9ratures soient plus supportables pour faire le tour de l\u2019Hexagone : Paris, Le Havre, Nantes, La Rochelle, Avignon. <\/p>\n<p>Jim Jarmusch &amp; Jozef van Wissem<\/p>\n<p>L\u2019un est un illustre r\u00e9alisateur et musicien am\u00e9ricain, l\u2019autre un compositeur et joueur de luth n\u00e9erlandais.\u00a0<a href=\"https:\/\/www.lesinrocks.com\/cinema\/je-suis-un-dinosaure-jim-jarmusch-130686-02-12-2009\/2\/\" target=\"_blank\" rel=\"noopener\">Jim Jarmusch<\/a>\u00a0&amp; Jozef Van Wissem se produiront \u00e0 La Cigale, le 7 juillet, peu de temps apr\u00e8s la sortie de\u00a0The Day the Angels Cried\u00a0\u2013 disque paru en juin dernier, via Sacred Bones Records. Album que le duo jouera ainsi dans la salle parisienne, une quinzaine d\u2019ann\u00e9es apr\u00e8s leur toute premi\u00e8re repr\u00e9sentation ensemble et pr\u00e8s de vingt depuis leur rencontre dans les rues de New York, en 2006.<\/p>\n<p><strong> \u00c0 La Cigale, Paris, le 7 juillet<\/strong><\/p>\n<p>Un \u00e9t\u00e9 au Havre<\/p>\n<p>La 9e \u00e9dition d\u2019Un \u00e9t\u00e9 au Havre propose un parcours dans la ville, hant\u00e9 par l\u2019imaginaire du voyage, du mouvement, des ruines. De Nefeli Papadimouli \u00e0 Louis-Cyprien Rials, de Mali Arun \u00e0 Elsa &amp; Johanna\u2026 des jeunes artistes donnent des couleurs \u00e0 la ville.<\/p>\n<p><strong>Au Havre, jusqu\u2019au 21 septembre<\/strong><\/p>\n<p><a href=\"https:\/\/www.europesays.com\/fr\/wp-content\/uploads\/2025\/07\/Capture-decran-2025-07-04-a-14.48.14-t-2284x1464.jpg\" data-barba-prevent=\"\" data-pswp-width=\"2284\" data-pswp-height=\"1464\"><\/p>\n<p><img loading=\"lazy\" decoding=\"async\" width=\"2284\" height=\"1464\" src=\"data:image\/svg+xml,%3Csvg%20xmlns=\" http:=\"\" class=\"attachment-thumbnail size-thumbnail\" alt=\"&#10;Pr\u00e9lude de Pan, Clara H\u00e9douin \u00a9 Jean-Michel Guillaud&#10;\" data-lazy-src=\"https:\/\/www.europesays.com\/fr\/wp-content\/uploads\/2025\/07\/Capture-decran-2025-07-04-a-14.48.14-t-2284x1464.jpg\"\/><\/p>\n<p>Pr\u00e9lude de Pan, Clara H\u00e9douin \u00a9 Jean-Michel Guillaud<\/p>\n<p><\/a><\/p>\n<p>Pr\u00e9lude de Pan <\/p>\n<p>Pr\u00e9lude de Pan prend pour cadre un\u00a0petit village o\u00f9 un \u00e9tranger d\u00e9barque sous un ciel mena\u00e7ant. Sa pr\u00e9sence va\u00a0semer le trouble au sein de la communaut\u00e9, jusqu\u2019\u00e0 susciter une transe collective menant \u00e0 une sorte d\u2019orgie apocalyptique dans laquelle \u00eatres humains et animaux paraissent s\u2019entrem\u00ealer f\u00e9rocement. Clara H\u00e9douin et Romain de\u00a0Becdeli\u00e8vre ont conserv\u00e9 quasiment l\u2019int\u00e9gralit\u00e9 de ce (court) texte, l\u2019adaptant aux trois interpr\u00e8tes qui incarnent chacun\u00b7e plusieurs personnages.<\/p>\n<p><strong>\u00c0 la plaine de\u00a0l\u2019Abbaye, Villeneuve-l\u00e8s-Avignon (dans le cadre du festival Villeneuve en\u00a0Sc\u00e8ne), du 8 au 20\u00a0juillet <\/strong><\/p>\n<p>Festival Les Francofolies de La Rochelle<\/p>\n<p>R\u00e9v\u00e9lations et superstars au programme d\u2019une 41e \u00e9dition all\u00e9chante :\u00a0<a href=\"https:\/\/www.lesinrocks.com\/musique\/la-femme-on-voulait-ressusciter-un-cote-freaks-293344-16-03-2021\/\" target=\"_blank\" rel=\"noopener\">La Femme<\/a>, Air, Miossec, Clara Luciani, Philippe Katerine, V\u00e9ronique Sanson, Mathieu Boogaerts, Alain Chamfort, mais aussi le R&amp;B m\u00e9tiss\u00e9 de Saint Levant, l\u2019electropop de Yoa, les ritournelles folk-kora de Ballake Sissoko &amp; Piers Faccini\u2026<\/p>\n<p><strong> \u00c0 la Rochelle, du 10 au 14 juillet<\/strong><\/p>\n<p><a href=\"https:\/\/www.europesays.com\/fr\/wp-content\/uploads\/2025\/07\/Coastal_Facetune_28-08-2024-17-55-52-t-1909x1071.jpg\" data-barba-prevent=\"\" data-pswp-width=\"1909\" data-pswp-height=\"1071\"><\/p>\n<p><img loading=\"lazy\" decoding=\"async\" width=\"1909\" height=\"1071\" src=\"data:image\/svg+xml,%3Csvg%20xmlns=\" http:=\"\" class=\"attachment-thumbnail size-thumbnail\" alt=\"&#10;Neil Young. \u00a9 DR&#10;\" data-lazy-src=\"https:\/\/www.europesays.com\/fr\/wp-content\/uploads\/2025\/07\/Coastal_Facetune_28-08-2024-17-55-52-t-1909x1071.jpg\"\/><\/p>\n<p>Neil Young. \u00a9 DR<\/p>\n<p><\/a><\/p>\n<p>Neil Young<\/p>\n<p>Le chanteur folk est loin d\u2019\u00eatre un\u00a0Old Man\u00a0dans sa t\u00eate. Un mois apr\u00e8s la sortie de son dernier album,\u00a0Talkin to the Trees, Neil Young passera \u00e0 l\u2019Adidas Arena d\u00e9fendre son abondant catalogue, de ses d\u00e9buts dans le flower power de Crosby, Stills, Nash &amp; Young, \u00e0 sa carri\u00e8re solo depuis les ann\u00e9es 1970. Inimitable.\u00a0<\/p>\n<p><strong>\u00c0 l\u2019Adidas Arena, Paris, le 13 juillet <\/strong><\/p>\n<p>Delirious Night<\/p>\n<p>Avec Delirious Night, la chor\u00e9graphe danoise\u00a0Mette Ingvartsen invoque la puissance curative du mouvement et ose les parasitages et les courts-circuits.<\/p>\n<p><strong>Dans la cour du lyc\u00e9e\u00a0Saint-Joseph, Avignon, du 7 au 12 juillet\u00a0<\/strong><\/p>\n<p>Voyage \u00e0 Nantes<\/p>\n<p>Cette ann\u00e9e, \u201cVoyage \u00e0 Nantes\u201d interroge les angles morts de l\u2019histoire et subvertit les monuments f\u00e9tiches de la ville. Une tr\u00e8s belle \u00e9dition, marqu\u00e9e par les \u0153uvres de Gloria Friedmann et d\u2019Ivan Argote. Et la derni\u00e8re de son cr\u00e9ateur Jean Blaise, qui laisse sa place \u00e0 Sophie L\u00e9vy.<\/p>\n<p><strong>\u00c0 Nantes, \u00a0jusqu\u2019au 31 ao\u00fbt<\/strong><\/p>\n","protected":false},"excerpt":{"rendered":"Cette semaine, on profite que les temp\u00e9ratures soient plus supportables pour faire le tour de l\u2019Hexagone : Paris,&hellip;\n","protected":false},"author":2,"featured_media":226372,"comment_status":"","ping_status":"","sticky":false,"template":"","format":"standard","meta":{"footnotes":""},"categories":[1888],"tags":[1111,1928,11,1927,1777,674,1011,27,12,1926,626,1925,25],"class_list":{"0":"post-226371","1":"post","2":"type-post","3":"status-publish","4":"format-standard","5":"has-post-thumbnail","7":"category-paris","8":"tag-actu","9":"tag-actu-paris","10":"tag-actualites","11":"tag-actualites-paris","12":"tag-eu","13":"tag-europe","14":"tag-fr","15":"tag-france","16":"tag-news","17":"tag-news-paris","18":"tag-paris","19":"tag-paris-news","20":"tag-republique-francaise"},"share_on_mastodon":{"url":"https:\/\/pubeurope.com\/@fr\/114796631441115246","error":""},"_links":{"self":[{"href":"https:\/\/www.europesays.com\/fr\/wp-json\/wp\/v2\/posts\/226371","targetHints":{"allow":["GET"]}}],"collection":[{"href":"https:\/\/www.europesays.com\/fr\/wp-json\/wp\/v2\/posts"}],"about":[{"href":"https:\/\/www.europesays.com\/fr\/wp-json\/wp\/v2\/types\/post"}],"author":[{"embeddable":true,"href":"https:\/\/www.europesays.com\/fr\/wp-json\/wp\/v2\/users\/2"}],"replies":[{"embeddable":true,"href":"https:\/\/www.europesays.com\/fr\/wp-json\/wp\/v2\/comments?post=226371"}],"version-history":[{"count":0,"href":"https:\/\/www.europesays.com\/fr\/wp-json\/wp\/v2\/posts\/226371\/revisions"}],"wp:featuredmedia":[{"embeddable":true,"href":"https:\/\/www.europesays.com\/fr\/wp-json\/wp\/v2\/media\/226372"}],"wp:attachment":[{"href":"https:\/\/www.europesays.com\/fr\/wp-json\/wp\/v2\/media?parent=226371"}],"wp:term":[{"taxonomy":"category","embeddable":true,"href":"https:\/\/www.europesays.com\/fr\/wp-json\/wp\/v2\/categories?post=226371"},{"taxonomy":"post_tag","embeddable":true,"href":"https:\/\/www.europesays.com\/fr\/wp-json\/wp\/v2\/tags?post=226371"}],"curies":[{"name":"wp","href":"https:\/\/api.w.org\/{rel}","templated":true}]}}