{"id":226385,"date":"2025-07-04T19:38:09","date_gmt":"2025-07-04T19:38:09","guid":{"rendered":"https:\/\/www.europesays.com\/fr\/226385\/"},"modified":"2025-07-04T19:38:09","modified_gmt":"2025-07-04T19:38:09","slug":"les-allemandes-dominent-et-cherchent-la-faille","status":"publish","type":"post","link":"https:\/\/www.europesays.com\/fr\/226385\/","title":{"rendered":"les Allemandes dominent et cherchent la faille"},"content":{"rendered":"<p>Une domination outrageuse des Allemandes, mais toujours pas de buts<\/p>\n<p>71% de possession, 5 frappes dont deux cadr\u00e9s&#8230; Mais toujours 0-0.<\/p>\n<p>Dudek au sol<\/p>\n<p>La d\u00e9fenseure du PSG a pris un coup de coude de Sch\u00fcller. Mais elle se rel\u00e8ve.<\/p>\n<p>Szemik s&rsquo;interpose<\/p>\n<p>Gwinn est trouv\u00e9e dans la surface et tente la remise pour personne, hormis Szemik.<\/p>\n<p>Pajor hors-jeu<\/p>\n<p>L&rsquo;attaquante du Bar\u00e7a est lanc\u00e9e en profondeur et s&rsquo;en va d\u00e9fier Berger. Sa frappe termine au-dessus mais la Polonaise \u00e9tait hors-jeu.<\/p>\n<p>Wiankowska revient<\/p>\n<p>Les deux \u00e9quipes reviennent \u00e0 11 contre 11.<\/p>\n<p>Gwinn demande un p\u00e9nalty<\/p>\n<p>Servie par Dallmann, la capitaine est l\u00e9g\u00e8rement d\u00e9s\u00e9quilibr\u00e9e par Padilla. St\u00e9phanie Frappart ne bronche pas. La d\u00e9fenseure Wiankowska reste au sol. Nina Patalon en profite pour glisser quelques consignes.<\/p>\n<p>Enorme occasion pour Padilla, mais un hors-jeu est signal\u00e9<\/p>\n<p>Sortie tr\u00e8s lointaine de Berger hors de sa surface. Elle renvoie le ballon de la t\u00eate directement vers Pajor, qui lance Padilla en profondeur. La joueuse du Bayern n&rsquo;est pas loin de marquer devant Minge, mais elle \u00e9tait hors-jeu au d\u00e9part de l&rsquo;action.<\/p>\n<p>La parade de Szemik !<\/p>\n<p>Enfin une frappe cadr\u00e9e pour l&rsquo;Allemagne ! Bien servie par Senss, la Lyonnaise Brand arme sa frappe, d\u00e9tourn\u00e9e par Szemik !<\/p>\n<p>Encore des impr\u00e9cisions c\u00f4t\u00e9 allemand<\/p>\n<p>La tranversale en direction de Brand est beaucoup trop longue, le ballon file directement en touche.<\/p>\n<p>Le bon tacle de Szymczak<\/p>\n<p>Nouvelle perte de balle polonaise \u00e0 hauteur du rond-central. Sch\u00fcller y va seule dans l&rsquo;axe, mais est reprise par une intervention solide de Szymczak.<\/p>\n<p>Le num\u00e9ro de Dallmann aurait pu aller au bout<\/p>\n<p>La milieu allemande encha\u00eene les crochets et tente la frappe, mais elle est musel\u00e9e par trois Polonaises.<\/p>\n<p>Sch\u00fcller repris<\/p>\n<p>A l&rsquo;exp\u00e9rience, Dudek vient bouger Sch\u00fcller pour l&#8217;emp\u00eacher de frapper \u00e0 l&rsquo;entr\u00e9e de la surface.<\/p>\n<p>Les centres s&rsquo;encha\u00eenent<\/p>\n<p>B\u00fchl \u00e0 gauche, Gwinn \u00e0 droite&#8230; Le danger vient de tous les c\u00f4t\u00e9s pour l&rsquo;Allemagne. Mais pour l&rsquo;instant, pas de grosses opportunit\u00e9s pour les octuples championnes d&rsquo;Europe.<\/p>\n<p>Nouveau centre de Gwinn<\/p>\n<p>Sur son c\u00f4t\u00e9 droit, la capitaine allemande chercher L\u00e9a Sch\u00fcller, mais l&rsquo;attaquante du Bayern ne peut pas couper la trajectoire.<\/p>\n<p>La premi\u00e8re occasion polonaise<\/p>\n<p>Le coup-franc d&rsquo;Achci\u0144ska trouve Szymczak \u00e9trangement seule. Mais la reprise de la d\u00e9fenseure passe au-dessus des buts de Berger.<\/p>\n<p>Achcinska au sol<\/p>\n<p>La milieu polonaise est touch\u00e9e \u00e0 la cheville apr\u00e8s un contact avec N\u00fcsken.<\/p>\n<p>Manque de pr\u00e9cision c\u00f4t\u00e9 allemand<\/p>\n<p>A l&rsquo;image d&rsquo;un centre rentrant de Linder, les Allemandes n&rsquo;arrivent pas \u00e0 se trouver dans la zone de v\u00e9rit\u00e9. Sur le banc, Christian Wuck s&rsquo;agace.<\/p>\n<p>Szemik obtient une faute<\/p>\n<p>Premier corner allemand frapp\u00e9 par B\u00fchl, mais St\u00e9phanie Frappart siffle une faute sur Szemik, touch\u00e9e par&#8230; sa co\u00e9quipi\u00e8re.<\/p>\n<p>Frappe non cadr\u00e9e de B\u00fchl<\/p>\n<p>C&rsquo;est d\u00e9j\u00e0 compliqu\u00e9 pour les Polonaises, accul\u00e9es dans leur camp. A l&rsquo;entr\u00e9e de la surface, B\u00fchl tente du gauche, \u00e7a passe \u00e0 gauche des buts de Szemik.<\/p>\n<p>Les supporters polonais se font entendre<\/p>\n<p>Ils sont situ\u00e9s derri\u00e8re Szemik et donnent d\u00e9j\u00e0 de la voix.<\/p>\n<p>Les Allemandes font tourner<\/p>\n<p>Avec l&rsquo;objectif de faire bouger les Polonaises. Dallmann arme une premi\u00e8re frappe, contr\u00e9e par la d\u00e9fense. Mais Sch\u00fcller est signal\u00e9e en position de hors-jeu.<\/p>\n<p>Szemik r\u00e9pond<\/p>\n<p>La r\u00e9ponse allemande, avec un d\u00e9bordement sur le c\u00f4t\u00e9 gauche de B\u00fchl. Le centre de la joueuse du Bayern est d\u00e9tourn\u00e9 des poings par Szemik.<\/p>\n<p>Premi\u00e8re incursion polonaise<\/p>\n<p>Pajor s&rsquo;infiltre une premi\u00e8re fois dans la surface allemande, c&rsquo;est d\u00e9gag\u00e9 par Knaak.<\/p>\n<p>Allemagne-Pologne, c&rsquo;est parti !<\/p>\n<p>Le coup d&rsquo;envoi est donn\u00e9 par Ewa Pajor !<\/p>\n<p>L&rsquo;hommage pour Diogo Jota et Andre Silva<\/p>\n<p>Une minute de silence est respect\u00e9e \u00e0 Saint-Gall.<\/p>\n<p>Place aux hymnes<\/p>\n<p>On commence par celui de la Pologne, suivi par l&rsquo;hymne allemand.<\/p>\n<p>L&rsquo;entr\u00e9e des deux \u00e9quipes<\/p>\n<p>St\u00e9phanie Frappart sera l&rsquo;arbitre de cette rencontre.<\/p>\n<p>Les deux \u00e9quipes s&rsquo;\u00e9taient affront\u00e9es en qualifs<\/p>\n<p>Avec deux victoires allemandes: 4-1 \u00e0 domicile et 3-1 \u00e0 l&rsquo;ext\u00e9rieur.<\/p>\n<p>De nombreuses polonaises affrontent des co\u00e9quipi\u00e8res ce soir<\/p>\n<p>L&rsquo;\u00e9quipe de Nina Patalon poss\u00e8de de nombreuses individualit\u00e9s de grande classe, notamment les attaquantes Ewa Pajor (Bar\u00e7a) et Natalia Padilla (Bayern, pr\u00eat\u00e9e \u00e0 S\u00e9ville lors de la derni\u00e8re saison). De nombreuses autres joueuses de l&rsquo;\u00e9quipe de Pologne seront oppos\u00e9es \u00e0 leurs co\u00e9quipi\u00e8res de club actuelles, Martyna Wiankowska, Sylwia Matysik, Adriana Achci\u0144ska (toutes \u00e0 Cologne), Dominika Grabowska (Hoffenheim), Tanja Pawollek (Eintracht Francfort) et Weronika Zawistowska (Bayern) \u00e9voluant actuellement en Allemagne.<\/p>\n<p>Dans l&rsquo;autre match du groupe, la Su\u00e8de s&rsquo;impose face au Danemark<\/p>\n<p>Le derby scandinave a tourn\u00e9 \u00e0 l&rsquo;avantage de la Su\u00e8de ce vendredi \u00e0 Gen\u00e8ve. Les joueuses de Peter Gerhardsson se sont impos\u00e9es 1-0 face aux Danoises gr\u00e2ce \u00e0 un but de Filippa Angeldahl en d\u00e9but de seconde p\u00e9riode.<\/p>\n<p>La Su\u00e8de prend donc la t\u00eate du groupe C avant Allemagne-Pologne. Demi-finalistes de l&rsquo;Euro 2022, m\u00e9daill\u00e9es de bronze des Mondiaux 2019 et 2023, m\u00e9daill\u00e9es d&rsquo;argent des JO de Tokyo en 2021, les Su\u00e9doises figurent parmi les plus s\u00e9rieuses outsiders du tournoi face \u00e0 l&rsquo;Espagne ou l&rsquo;Angleterre.<\/p>\n<p>Ewa Pajor m\u00e8ne la s\u00e9lection polonaise<\/p>\n<p>Szemik &#8211; Matysik, Szymczak, Dudek, Wiankowska &#8211; Achcinska, Pawollek, Kamczyk &#8211; Tomasiak, Pajor, Padilla<\/p>\n<p>La compo de l&rsquo;Allemagne, avec la nouvelle Lyonnaise Brand<\/p>\n<p>Berger &#8211; Gwinn, Minge, Knaak, Linder &#8211; Senss, N\u00fcsken &#8211; Brand, Dallmann, B\u00fchl &#8211; Sch\u00fcller<\/p>\n<p>Les Allemandes en qu\u00eate d&rsquo;un titre depuis 2016<\/p>\n<p>Octuples championnes d&rsquo;Europe (1989, 1991, 1995, 1997, 2001, 2005, 2009, 2013), les Allemandes restent sur la frustration de la d\u00e9faite en finale \u00e0 Wembley, et veulent aller chercher un premier titre depuis l&rsquo;or olympique de Rio en 2016.<\/p>\n<p>L&rsquo;Allemagne doit vivre sans Popp<\/p>\n<p>Depuis sa m\u00e9daille de bronze aux Jeux olympiques de Paris l&rsquo;\u00e9t\u00e9 dernier, d\u00e9croch\u00e9e contre les championnes du monde espagnoles (1-0), l&rsquo;Allemagne a vu une partie de son groupe se renouveler.<\/p>\n<p>Sur le banc, l&rsquo;int\u00e9rim prolong\u00e9 de Horst Hrubesch, qui avait pris la place de Martina Voss-Tecklenburg \u00e0 l&rsquo;automne 2023 pour faire grimper la Mannschaft f\u00e9minine sur un cinqui\u00e8me podium olympique, a pris fin comme pr\u00e9vu \u00e0 l&rsquo;\u00e9t\u00e9 2024 et c&rsquo;est Christian W\u00fcck qui s&rsquo;est install\u00e9 dans le fauteuil de s\u00e9lectionneur.<\/p>\n<p>Mais c&rsquo;est surtout le d\u00e9part de son embl\u00e9matique capitaine et avant-centre Alexandra Popp que l&rsquo;Allemagne va devoir absorber. Il y a trois ans en Angleterre, Popp avait \u00e9bloui de sa classe l&rsquo;Euro-2022 jusqu&rsquo;en demi-finales, avant d&rsquo;\u00eatre rattrap\u00e9 par une blessure \u00e0 quelques minutes de la finale perdue contre les h\u00f4tes anglaises en prolongation (2-1).<\/p>\n<p>Bonjour \u00e0 toutes et \u00e0 tous<\/p>\n<p>Bienvenue sur le site et l&rsquo;appli RMC Sport pour suivre la rencontre du groupe C de l&rsquo;Euro f\u00e9minin 2025 entre l&rsquo;Allemagne et la Pologne. Vice-championnes d&rsquo;Europe en 2022, les Allemandes ont l&rsquo;ambition de r\u00e9ussir leur premi\u00e8re comp\u00e9tition depuis la retraite internationale de la star Alexandra Popp, r\u00eavent d&rsquo;un neuvi\u00e8me triomphe continental. Le coup d&rsquo;envoi sera donn\u00e9 \u00e0 21h \u00e0 Saint-Gall.<\/p>\n","protected":false},"excerpt":{"rendered":"Une domination outrageuse des Allemandes, mais toujours pas de buts 71% de possession, 5 frappes dont deux cadr\u00e9s&#8230;&hellip;\n","protected":false},"author":2,"featured_media":226386,"comment_status":"","ping_status":"","sticky":false,"template":"","format":"standard","meta":{"footnotes":""},"categories":[1587],"tags":[11,672,1804,1805,1803,1777,674,1801,12,1802],"class_list":{"0":"post-226385","1":"post","2":"type-post","3":"status-publish","4":"format-standard","5":"has-post-thumbnail","7":"category-allemagne","8":"tag-actualites","9":"tag-allemagne","10":"tag-bundesrepublik-deutschland","11":"tag-de","12":"tag-deutschland","13":"tag-eu","14":"tag-europe","15":"tag-germany","16":"tag-news","17":"tag-republique-federale-dallemagne"},"share_on_mastodon":{"url":"https:\/\/pubeurope.com\/@fr\/114796659097958713","error":""},"_links":{"self":[{"href":"https:\/\/www.europesays.com\/fr\/wp-json\/wp\/v2\/posts\/226385","targetHints":{"allow":["GET"]}}],"collection":[{"href":"https:\/\/www.europesays.com\/fr\/wp-json\/wp\/v2\/posts"}],"about":[{"href":"https:\/\/www.europesays.com\/fr\/wp-json\/wp\/v2\/types\/post"}],"author":[{"embeddable":true,"href":"https:\/\/www.europesays.com\/fr\/wp-json\/wp\/v2\/users\/2"}],"replies":[{"embeddable":true,"href":"https:\/\/www.europesays.com\/fr\/wp-json\/wp\/v2\/comments?post=226385"}],"version-history":[{"count":0,"href":"https:\/\/www.europesays.com\/fr\/wp-json\/wp\/v2\/posts\/226385\/revisions"}],"wp:featuredmedia":[{"embeddable":true,"href":"https:\/\/www.europesays.com\/fr\/wp-json\/wp\/v2\/media\/226386"}],"wp:attachment":[{"href":"https:\/\/www.europesays.com\/fr\/wp-json\/wp\/v2\/media?parent=226385"}],"wp:term":[{"taxonomy":"category","embeddable":true,"href":"https:\/\/www.europesays.com\/fr\/wp-json\/wp\/v2\/categories?post=226385"},{"taxonomy":"post_tag","embeddable":true,"href":"https:\/\/www.europesays.com\/fr\/wp-json\/wp\/v2\/tags?post=226385"}],"curies":[{"name":"wp","href":"https:\/\/api.w.org\/{rel}","templated":true}]}}