{"id":226402,"date":"2025-07-04T19:49:10","date_gmt":"2025-07-04T19:49:10","guid":{"rendered":"https:\/\/www.europesays.com\/fr\/226402\/"},"modified":"2025-07-04T19:49:10","modified_gmt":"2025-07-04T19:49:10","slug":"chantra-forfait-en-allemagne-et-en-republique-tcheque","status":"publish","type":"post","link":"https:\/\/www.europesays.com\/fr\/226402\/","title":{"rendered":"Chantra forfait en Allemagne et en R\u00e9publique tch\u00e8que"},"content":{"rendered":"<p>Somkiat Chantra (LCR Honda) a \u00e9t\u00e9 victime d&rsquo;une chute mardi alors qu&rsquo;il s&rsquo;entra\u00eenait sur une moto tout-terrain. Le team IDEMITSU Honda LCR a annonc\u00e9 ce vendredi que son pilote \u00e9tait forfait pour le back-to-back \u00e0 venir.<\/p>\n<p>Apr\u00e8s avoir \u00e9t\u00e9 examin\u00e9 par un sp\u00e9cialiste, il a \u00e9t\u00e9 confirm\u00e9 que le Tha\u00eflandais souffrait d&rsquo;une blessure au ligament collat\u00e9ral lat\u00e9ral de la jambe droite qui n\u00e9cessitera une intervention chirurgicale, laquelle est pr\u00e9vue mardi prochain.<\/p>\n<p>L&rsquo;\u00e9quipe IDEMITSU Honda LCR a d\u00e9clar\u00e9 qu&rsquo;elle continuerait de fournir des informations sur l&rsquo;\u00e9tat de sant\u00e9 du n\u00b035 et son r\u00e9tablissement mais n&rsquo;a pas encore \u00e9voqu\u00e9 un \u00e9ventuel pilote rempla\u00e7ant.<\/p>\n","protected":false},"excerpt":{"rendered":"Somkiat Chantra (LCR Honda) a \u00e9t\u00e9 victime d&rsquo;une chute mardi alors qu&rsquo;il s&rsquo;entra\u00eenait sur une moto tout-terrain. Le&hellip;\n","protected":false},"author":2,"featured_media":226403,"comment_status":"","ping_status":"","sticky":false,"template":"","format":"standard","meta":{"footnotes":""},"categories":[1413],"tags":[1011,27,1457,1456,60,2032],"class_list":{"0":"post-226402","1":"post","2":"type-post","3":"status-publish","4":"format-standard","5":"has-post-thumbnail","7":"category-moto","8":"tag-fr","9":"tag-france","10":"tag-moto","11":"tag-motocycle","12":"tag-sports","13":"tag-text"},"share_on_mastodon":{"url":"https:\/\/pubeurope.com\/@fr\/114796702123912950","error":""},"_links":{"self":[{"href":"https:\/\/www.europesays.com\/fr\/wp-json\/wp\/v2\/posts\/226402","targetHints":{"allow":["GET"]}}],"collection":[{"href":"https:\/\/www.europesays.com\/fr\/wp-json\/wp\/v2\/posts"}],"about":[{"href":"https:\/\/www.europesays.com\/fr\/wp-json\/wp\/v2\/types\/post"}],"author":[{"embeddable":true,"href":"https:\/\/www.europesays.com\/fr\/wp-json\/wp\/v2\/users\/2"}],"replies":[{"embeddable":true,"href":"https:\/\/www.europesays.com\/fr\/wp-json\/wp\/v2\/comments?post=226402"}],"version-history":[{"count":0,"href":"https:\/\/www.europesays.com\/fr\/wp-json\/wp\/v2\/posts\/226402\/revisions"}],"wp:featuredmedia":[{"embeddable":true,"href":"https:\/\/www.europesays.com\/fr\/wp-json\/wp\/v2\/media\/226403"}],"wp:attachment":[{"href":"https:\/\/www.europesays.com\/fr\/wp-json\/wp\/v2\/media?parent=226402"}],"wp:term":[{"taxonomy":"category","embeddable":true,"href":"https:\/\/www.europesays.com\/fr\/wp-json\/wp\/v2\/categories?post=226402"},{"taxonomy":"post_tag","embeddable":true,"href":"https:\/\/www.europesays.com\/fr\/wp-json\/wp\/v2\/tags?post=226402"}],"curies":[{"name":"wp","href":"https:\/\/api.w.org\/{rel}","templated":true}]}}