{"id":226408,"date":"2025-07-04T19:52:13","date_gmt":"2025-07-04T19:52:13","guid":{"rendered":"https:\/\/www.europesays.com\/fr\/226408\/"},"modified":"2025-07-04T19:52:13","modified_gmt":"2025-07-04T19:52:13","slug":"psg-bayern-munich-lequipe-parisienne-annoncee-avec-dembele","status":"publish","type":"post","link":"https:\/\/www.europesays.com\/fr\/226408\/","title":{"rendered":"PSG\/Bayern Munich &#8211; L&rsquo;\u00e9quipe parisienne annonc\u00e9e avec Demb\u00e9l\u00e9"},"content":{"rendered":"<p><strong>Ce samedi, le Paris Saint-Germain affronte le Bayern Munich au Mercedes-Benz Stadium pour le compte des quarts de finale de la Coupe du Monde des Clubs 2025 (coup d\u2019envoi \u00e0 18h, diffusion sur DAZN). A la veille du match, Le Parisien a avanc\u00e9 une \u00e9quipe parisienne probable.<\/strong><\/p>\n<p style=\"text-align: center;\">Kvaratskhelia \u2013 Demb\u00e9l\u00e9 \u2013 Dou\u00e9<\/p>\n<p style=\"text-align: center;\">Ruiz \u2013 Vitinha \u2013 Neves<\/p>\n<p style=\"text-align: center;\">Mendes \u2013 Pacho \u2013 Beraldo \u2013 Hakimi<\/p>\n<p style=\"text-align: center;\">Donnarumma<\/p>\n<p>Une \u00e9quipe tout \u00e0 fait possible, avec un \u00ab\u00a0onze-type\u00a0\u00bb qui se dessine depuis plusieurs semaines. Le PSG a tout de m\u00eame quelques options possibles dans la gestion du coach Luis Enrique. Notamment parce qu\u2019il faut savoir faire souffler certains joueurs et donne de la confiance aux autres. Quelques changements sont donc envisageables.<\/p>\n<p>Il y a aussi un suspense autour d\u2019Ousmane Demb\u00e9l\u00e9. Il a rejou\u00e9 30 minutes contre l\u2019Inter Milan, une titularisation est envisageable. Mais ce n\u2019est pas acquis, alors que le match contre le Bayern Munich pourrait \u00eatre intense. Et s\u2019il revient dans l\u2019\u00e9quipe de d\u00e9part, il faut un choix difficile pour sortir Khvicha Kvaratskhelia, Bradley Barcola ou D\u00e9sir\u00e9 Dou\u00e9.<\/p>\n<p>\t\t\t\t\t\t\t\t\t\t\t\t\t\t\t\t\t\t\t\t\t\t\t<img loading=\"lazy\" src=\"https:\/\/www.europesays.com\/fr\/wp-content\/uploads\/2025\/04\/ParisFans_Logo.png\" decoding=\"async\" class=\"lazyload\" width=\"240\" height=\"54\" data-eio-rwidth=\"240\" data-eio-rheight=\"54\"\/><\/p>\n","protected":false},"excerpt":{"rendered":"Ce samedi, le Paris Saint-Germain affronte le Bayern Munich au Mercedes-Benz Stadium pour le compte des quarts de&hellip;\n","protected":false},"author":2,"featured_media":226409,"comment_status":"","ping_status":"","sticky":false,"template":"","format":"standard","meta":{"footnotes":""},"categories":[1410],"tags":[63,1011,27,35774,60,96],"class_list":{"0":"post-226408","1":"post","2":"type-post","3":"status-publish","4":"format-standard","5":"has-post-thumbnail","7":"category-football","8":"tag-football","9":"tag-fr","10":"tag-france","11":"tag-psg-bayern-munich","12":"tag-sports","13":"tag-une"},"share_on_mastodon":{"url":"https:\/\/pubeurope.com\/@fr\/114796714096976846","error":""},"_links":{"self":[{"href":"https:\/\/www.europesays.com\/fr\/wp-json\/wp\/v2\/posts\/226408","targetHints":{"allow":["GET"]}}],"collection":[{"href":"https:\/\/www.europesays.com\/fr\/wp-json\/wp\/v2\/posts"}],"about":[{"href":"https:\/\/www.europesays.com\/fr\/wp-json\/wp\/v2\/types\/post"}],"author":[{"embeddable":true,"href":"https:\/\/www.europesays.com\/fr\/wp-json\/wp\/v2\/users\/2"}],"replies":[{"embeddable":true,"href":"https:\/\/www.europesays.com\/fr\/wp-json\/wp\/v2\/comments?post=226408"}],"version-history":[{"count":0,"href":"https:\/\/www.europesays.com\/fr\/wp-json\/wp\/v2\/posts\/226408\/revisions"}],"wp:featuredmedia":[{"embeddable":true,"href":"https:\/\/www.europesays.com\/fr\/wp-json\/wp\/v2\/media\/226409"}],"wp:attachment":[{"href":"https:\/\/www.europesays.com\/fr\/wp-json\/wp\/v2\/media?parent=226408"}],"wp:term":[{"taxonomy":"category","embeddable":true,"href":"https:\/\/www.europesays.com\/fr\/wp-json\/wp\/v2\/categories?post=226408"},{"taxonomy":"post_tag","embeddable":true,"href":"https:\/\/www.europesays.com\/fr\/wp-json\/wp\/v2\/tags?post=226408"}],"curies":[{"name":"wp","href":"https:\/\/api.w.org\/{rel}","templated":true}]}}