{"id":226412,"date":"2025-07-04T19:54:15","date_gmt":"2025-07-04T19:54:15","guid":{"rendered":"https:\/\/www.europesays.com\/fr\/226412\/"},"modified":"2025-07-04T19:54:15","modified_gmt":"2025-07-04T19:54:15","slug":"dans-le-var-la-design-parade-entre-utopie-et-dystopie","status":"publish","type":"post","link":"https:\/\/www.europesays.com\/fr\/226412\/","title":{"rendered":"Dans le Var, la Design Parade entre utopie et dystopie"},"content":{"rendered":"<p>                         <img loading=\"lazy\" decoding=\"async\" src=\"https:\/\/www.europesays.com\/fr\/wp-content\/uploads\/2025\/07\/5c965be_upload-1-mevbmzogazel-11-dupety-simon-photo-luc-bertrand.jpg\" alt=\"Lampe hybride UFO, de Simon Dupety, pr\u00e9sent\u00e9e \u00e0 la Design Parade Hy\u00e8res.\"   width=\"664\" height=\"443\"\/>    Lampe hybride UFO, de Simon Dupety, pr\u00e9sent\u00e9e \u00e0 la Design Parade Hy\u00e8res.  LUC BERTRAND                 <\/p>\n<p class=\"article__paragraph  \">Du 26\u00a0au 29\u00a0juin\u00a02025, ce sont deux pointures internationales, le designer espagnol <a href=\"https:\/\/www.lemonde.fr\/m-styles\/article\/2023\/02\/15\/dans-l-atelier-de-jaime-hayon-l-hymne-a-la-joie_6161943_4497319.html\" rel=\"nofollow noopener\" target=\"_blank\">Jaime Hayon <\/a>et l\u2019architecte russe Harry Nuriev, qui ont pr\u00e9sid\u00e9 respectivement le 19e Festival international de design, \u00e0 Hy\u00e8res (Var), et le 9e Festival international d\u2019architecture int\u00e9rieure, \u00e0 Toulon \u2013 ces deux \u00e9v\u00e9nements formant la Design Parade. Et ils l\u2019ont fait contre vents et mar\u00e9es, malgr\u00e9 la d\u00e9flagration cr\u00e9\u00e9e par l\u2019annonce d\u2019un <a href=\"https:\/\/www.lemonde.fr\/culture\/article\/2025\/05\/17\/la-villa-noailles-en-proie-aux-derives-financieres_6606513_3246.html\" rel=\"nofollow noopener\" target=\"_blank\">d\u00e9ficit record de la Villa Noailles<\/a> qui les organise, suivi du retrait (temporaire, pour l\u2019heure) du fondateur et directeur artistique de l\u2019institution, Jean-Pierre Blanc, aux commandes du navire depuis quarante\u00a0ans.<\/p>\n<p class=\"article__paragraph  \">\u00ab\u00a0Vous devez \u00eatre fier d\u2019\u00eatre fran\u00e7ais et de ce que vous faites, et sachez que la cr\u00e9ativit\u00e9 gagnera la bataille, car nous, artistes, sommes des magiciens\u00a0\u00bb, a d\u00e9clam\u00e9 Jaime Hayon, en pr\u00e9ambule du festival. \u00ab\u00a0Mais que deviendraient vos \u00e9l\u00e8ves, Madame la directrice de [l\u2019\u00e9cole] Camondo M\u00e9diterran\u00e9e, s\u2019ils n\u2019avaient pas le phare qui les \u00e9claire \u00e0 la Villa Noailles\u00a0?\u00a0\u00bb, avait l\u00e2ch\u00e9, quelques heures auparavant, Jean-Pierre Giran, le maire d\u2019Hy\u00e8res et pr\u00e9sident de la m\u00e9tropole Toulon-Provence M\u00e9diterran\u00e9e, s\u2019adressant \u00e0 Margaret Iragui qui expose, dans l\u2019\u00e9tablissement, les projets de ses jeunes dipl\u00f4m\u00e9s.<\/p>\n<p class=\"reading-mode-only \"><strong>Il vous reste 85.65% de cet article \u00e0 lire. La suite est r\u00e9serv\u00e9e aux abonn\u00e9s.<\/strong><\/p>\n","protected":false},"excerpt":{"rendered":"Lampe hybride UFO, de Simon Dupety, pr\u00e9sent\u00e9e \u00e0 la Design Parade Hy\u00e8res. LUC BERTRAND Du 26\u00a0au 29\u00a0juin\u00a02025, ce&hellip;\n","protected":false},"author":2,"featured_media":226413,"comment_status":"","ping_status":"","sticky":false,"template":"","format":"standard","meta":{"footnotes":""},"categories":[1358],"tags":[1348,1384,1385,1386,58,59,1011,27],"class_list":{"0":"post-226412","1":"post","2":"type-post","3":"status-publish","4":"format-standard","5":"has-post-thumbnail","7":"category-arts-et-design","8":"tag-arts","9":"tag-arts-and-design","10":"tag-arts-et-design","11":"tag-design","12":"tag-divertissement","13":"tag-entertainment","14":"tag-fr","15":"tag-france"},"share_on_mastodon":{"url":"https:\/\/pubeurope.com\/@fr\/114796721870557440","error":""},"_links":{"self":[{"href":"https:\/\/www.europesays.com\/fr\/wp-json\/wp\/v2\/posts\/226412","targetHints":{"allow":["GET"]}}],"collection":[{"href":"https:\/\/www.europesays.com\/fr\/wp-json\/wp\/v2\/posts"}],"about":[{"href":"https:\/\/www.europesays.com\/fr\/wp-json\/wp\/v2\/types\/post"}],"author":[{"embeddable":true,"href":"https:\/\/www.europesays.com\/fr\/wp-json\/wp\/v2\/users\/2"}],"replies":[{"embeddable":true,"href":"https:\/\/www.europesays.com\/fr\/wp-json\/wp\/v2\/comments?post=226412"}],"version-history":[{"count":0,"href":"https:\/\/www.europesays.com\/fr\/wp-json\/wp\/v2\/posts\/226412\/revisions"}],"wp:featuredmedia":[{"embeddable":true,"href":"https:\/\/www.europesays.com\/fr\/wp-json\/wp\/v2\/media\/226413"}],"wp:attachment":[{"href":"https:\/\/www.europesays.com\/fr\/wp-json\/wp\/v2\/media?parent=226412"}],"wp:term":[{"taxonomy":"category","embeddable":true,"href":"https:\/\/www.europesays.com\/fr\/wp-json\/wp\/v2\/categories?post=226412"},{"taxonomy":"post_tag","embeddable":true,"href":"https:\/\/www.europesays.com\/fr\/wp-json\/wp\/v2\/tags?post=226412"}],"curies":[{"name":"wp","href":"https:\/\/api.w.org\/{rel}","templated":true}]}}