{"id":226443,"date":"2025-07-04T20:11:09","date_gmt":"2025-07-04T20:11:09","guid":{"rendered":"https:\/\/www.europesays.com\/fr\/226443\/"},"modified":"2025-07-04T20:11:09","modified_gmt":"2025-07-04T20:11:09","slug":"conflit-de-voisinage-avec-les-pompiers-a-sanary-ou-en-est-on","status":"publish","type":"post","link":"https:\/\/www.europesays.com\/fr\/226443\/","title":{"rendered":"Conflit de voisinage avec les pompiers \u00e0 Sanary: o\u00f9 en est-on?"},"content":{"rendered":"<p>Notre article titr\u00e9 \u00ab\u00a0Conflit de voisinage avec les pompiers, c\u2019est le feu!\u00a0\u00bb, dat\u00e9 du 4 juin, relatait les tensions entre une partie des sapeurs-pompiers de Sanary d\u2019un c\u00f4t\u00e9, et une m\u00e8re (Karine) et son fils demeurant dans l\u2019enceinte de la caserne, de l\u2019autre.<\/p>\n<p>Ces derniers, dont l\u2019appartement se situe juste au-dessus de la salle de repos des secouristes, expliquaient \u00ab\u00a0vivre un enfer\u00a0\u00bb et subir depuis deux ans \u00ab\u00a0tapage nocturne\u00a0\u00bb, \u00ab\u00a0provocations\u00a0\u00bb et \u00ab\u00a0harc\u00e8lement\u00a0\u00bb, ind\u00e9pendamment, bien s\u00fbr, de l\u2019activit\u00e9 normale d\u2019une caserne.<\/p>\n<p>\u00ab\u00a0Et je ne parle que d\u2019une minorit\u00e9 de pompiers avec qui \u00e7a se passe tr\u00e8s mal\u2026 J\u2019ai le plus grand respect pour cette institution, mais quand \u00e7a d\u00e9rape, on doit pouvoir le dire!\u00a0\u00bb<\/p>\n<p>\u00ab\u00a0Apr\u00e8s plusieurs refus\u00a0\u00bb, explique encore Karine, elle est parvenue \u00e0 d\u00e9poser plusieurs plaintes et une enqu\u00eate serait en cours.<\/p>\n<p>Parall\u00e8lement, huit pompiers, ainsi que la direction du Service d\u00e9partemental d\u2019incendie et de secours (Sdis), ont attaqu\u00e9 le jeune homme en justice, l\u2019accusant d\u2019avoir bris\u00e9 la vitre de la salle de repos en janvier dernier et d\u2019avoir prof\u00e9r\u00e9 des menaces de mort.<\/p>\n<p>Ces faits-l\u00e0 ont d\u00e9j\u00e0 \u00e9t\u00e9 jug\u00e9s, lors d\u2019une audience qui s\u2019est tenue ce 24 juin au tribunal correctionnel de Toulon.<\/p>\n<p>Quand le maire s\u2019en m\u00eale<\/p>\n<p>Au d\u00e9but du conseil municipal du 26 juin, au moment de donner diverses informations comme il en a l\u2019habitude, le maire de Sanary a fait une d\u00e9claration pour le moins partisane au sujet de cette affaire, laissant m\u00eame entendre que le dossier \u00e9tait clos: \u00ab\u00a0Comme vous avez pu le lire dans la presse, la r\u00e9putation des pompiers de Sanary a \u00e9t\u00e9 r\u00e9cemment souill\u00e9e par une plainte d\u00e9pos\u00e9e par une habitante de la r\u00e9sidence situ\u00e9e au-dessus de la caserne. Le 24 juin 2025, le fils de cette plaignante a \u00e9t\u00e9 lourdement condamn\u00e9 pour s\u2019en \u00eatre pris aux pompiers en exercice et pour la d\u00e9gradation volontaire de notre caserne municipale\u00a0\u00bb, a dit Daniel Alsters.<\/p>\n<p>Et d\u2019ajouter: \u00ab\u00a0Par ailleurs, je vous informe de la d\u00e9cision du procureur d\u2019abandonner la totalit\u00e9 des charges contre nos pompiers.\u00a0\u00bb<\/p>\n<p>Pas de poursuites pour les pompiers vis\u00e9s?<\/p>\n<p>Revenue \u00e0 leurs oreilles, cette d\u00e9claration a fait bondir Karine, son fils et leur avocate: \u00ab\u00a0Cette information est erron\u00e9e\u00a0\u00bb, commente Ma\u00eetre Laurie Franchitto, contact\u00e9e par t\u00e9l\u00e9phone: \u00ab\u00a0Lors de la plaidoirie, j\u2019ai soulev\u00e9 une exception de nullit\u00e9 de la proc\u00e9dure, puisque le parquet n\u2019a pas \u00e9t\u00e9 imm\u00e9diatement inform\u00e9 du placement en garde \u00e0 vue de mon client, comme le pr\u00e9voit le code de proc\u00e9dure p\u00e9nale. C\u2019est un vice de proc\u00e9dure, et il a \u00e9t\u00e9 reconnu par le tribunal! Mais, malgr\u00e9 cela, la magistrate a tout de m\u00eame d\u00e9cid\u00e9 de statuer sur le bris de verre: pour cela, uniquement, elle l\u2019a condamn\u00e9 \u00e0 six mois de sursis simple et l\u2019obligation de rembourser les r\u00e9parations. Il a en revanche \u00e9t\u00e9 enti\u00e8rement relax\u00e9 sur les injures et les menaces de mort.\u00a0\u00bb<\/p>\n<p>L\u2019avocate et son client r\u00e9fl\u00e9chissent actuellement \u00e0 faire appel de ce d\u00e9lib\u00e9r\u00e9 \u00ab\u00a0en demi-teinte\u00a0\u00bb, selon elle. \u00ab\u00a0Non, il n\u2019a pas \u00e9t\u00e9 condamn\u00e9 lourdement. Et oui, il a \u00e9t\u00e9 relax\u00e9 en partie\u00a0\u00bb, resitue-t-elle.<\/p>\n<p>L\u2019avocate tique \u00e9galement sur la derni\u00e8re phrase prononc\u00e9e par l\u2019\u00e9dile: \u00ab\u00a0En aucun cas, les plaintes de ma cliente contre les pompiers ne sont abandonn\u00e9es. Nous aurions \u00e9t\u00e9 inform\u00e9s d\u2019un tel avis de classement sans suite.\u00a0\u00bb Rien d\u2019officiel, donc, pour l\u2019instant.<\/p>\n<p>Le pot de terre contre le pot de fer?<\/p>\n<p>Un classement sans suite serait \u00ab\u00a0intol\u00e9rable\u00a0\u00bb pour Karine, et reviendrait \u00e0 dire que tous les faits reproch\u00e9s \u00e0 ses voisins les pompiers ne seraient que vues de l\u2019esprit\u2026<\/p>\n<p>\u00ab\u00a0Depuis deux ans, c\u2019est l\u2019histoire du pot de terre contre le pot de fer. Un pompier m\u2019a dit un jour qu\u2019ils \u00e9taient intouchables, de toute fa\u00e7on&#8230; Vous trouvez normal de devoir dormir dans sa voiture parce qu\u2019on ne peut pas fermer l\u2019\u0153il chez soi?\u00a0\u00bb<\/p>\n<p>Elle rappelle pourtant qu\u2019elle a des vid\u00e9os, des enregistrements et a m\u00eame tout r\u00e9cemment fait dresser un constat d\u2019huissier au sujet d\u2019un volet en fer qu\u2019on laisserait d\u00e9lib\u00e9r\u00e9ment claquer quand il y a du vent, juste en dessous de leur logement\u2026 \u00ab\u00a0Pour nous faire craquer!\u00a0\u00bb<\/p>\n<p>Pour autant, elle reconna\u00eet que depuis la m\u00e9diatisation de l\u2019affaire, \u00ab\u00a0les choses se sont un peu calm\u00e9es, \u00e0 part avec un pompier qui continue de nous provoquer. Mais mon fils, lui, a \u00e9t\u00e9 condamn\u00e9 \u00e0 six mois avec sursis, sur de simples d\u00e9clarations et malgr\u00e9 un vice de proc\u00e9dure! Lui qui n\u2019avait jamais eu de probl\u00e8me avec la justice!\u00a0\u00bb<\/p>\n<p>Elle assure encore \u00eatre en contact r\u00e9gulier avec une enqu\u00eatrice de la police nationale \u00ab\u00a0qui a enfin pris l\u2019affaire au s\u00e9rieux\u00a0\u00bb.<\/p>\n<p>Le Sdis veut l\u2019apaisement<\/p>\n<p>Cette r\u00e9sidente, qui se dit \u00ab\u00a0\u00e9puis\u00e9e physiquement et moralement\u00a0\u00bb et \u00e0 qui cette histoire a m\u00eame valu sept jours d\u2019ITT, soutient encore que \u00ab\u00a0lors de la tentative de conciliation, des pompiers ont m\u00eame confirm\u00e9 au gestionnaire de la r\u00e9sidence les faits de harc\u00e8lement\u00a0\u00bb.<\/p>\n<p>M\u00eame si les soldats du feu incrimin\u00e9s faisaient l\u2019\u00e9conomie d\u2019un proc\u00e8s, plusieurs \u00e9l\u00e9ments laissent franchement \u00e0 penser qu\u2019il y a bien eu des abus de certains.<\/p>\n<p>L\u2019institution, d\u2019ailleurs, joue la carte de l\u2019apaisement (ce qu\u2019elle confirmait dans notre article pr\u00e9c\u00e9dent). \u00ab\u00a0Et je suis en contact avec des responsables de la caserne et du Sdis, qui me demandent de leur faire remonter tout nouvel incident\u00a0\u00bb, dit Karine. Ce que le Sdis confirme aussi.<\/p>\n","protected":false},"excerpt":{"rendered":"Notre article titr\u00e9 \u00ab\u00a0Conflit de voisinage avec les pompiers, c\u2019est le feu!\u00a0\u00bb, dat\u00e9 du 4 juin, relatait les&hellip;\n","protected":false},"author":2,"featured_media":226444,"comment_status":"","ping_status":"","sticky":false,"template":"","format":"standard","meta":{"footnotes":""},"categories":[9619],"tags":[1111,11,1777,674,118,1011,27,303,12,882,25,2310,3366],"class_list":{"0":"post-226443","1":"post","2":"type-post","3":"status-publish","4":"format-standard","5":"has-post-thumbnail","7":"category-toulon","8":"tag-actu","9":"tag-actualites","10":"tag-eu","11":"tag-europe","12":"tag-faits-divers","13":"tag-fr","14":"tag-france","15":"tag-justice","16":"tag-news","17":"tag-provence-alpes-cote-dazur","18":"tag-republique-francaise","19":"tag-toulon","20":"tag-vie-locale"},"share_on_mastodon":{"url":"https:\/\/pubeurope.com\/@fr\/114796788677182779","error":""},"_links":{"self":[{"href":"https:\/\/www.europesays.com\/fr\/wp-json\/wp\/v2\/posts\/226443","targetHints":{"allow":["GET"]}}],"collection":[{"href":"https:\/\/www.europesays.com\/fr\/wp-json\/wp\/v2\/posts"}],"about":[{"href":"https:\/\/www.europesays.com\/fr\/wp-json\/wp\/v2\/types\/post"}],"author":[{"embeddable":true,"href":"https:\/\/www.europesays.com\/fr\/wp-json\/wp\/v2\/users\/2"}],"replies":[{"embeddable":true,"href":"https:\/\/www.europesays.com\/fr\/wp-json\/wp\/v2\/comments?post=226443"}],"version-history":[{"count":0,"href":"https:\/\/www.europesays.com\/fr\/wp-json\/wp\/v2\/posts\/226443\/revisions"}],"wp:featuredmedia":[{"embeddable":true,"href":"https:\/\/www.europesays.com\/fr\/wp-json\/wp\/v2\/media\/226444"}],"wp:attachment":[{"href":"https:\/\/www.europesays.com\/fr\/wp-json\/wp\/v2\/media?parent=226443"}],"wp:term":[{"taxonomy":"category","embeddable":true,"href":"https:\/\/www.europesays.com\/fr\/wp-json\/wp\/v2\/categories?post=226443"},{"taxonomy":"post_tag","embeddable":true,"href":"https:\/\/www.europesays.com\/fr\/wp-json\/wp\/v2\/tags?post=226443"}],"curies":[{"name":"wp","href":"https:\/\/api.w.org\/{rel}","templated":true}]}}