{"id":226450,"date":"2025-07-04T20:15:11","date_gmt":"2025-07-04T20:15:11","guid":{"rendered":"https:\/\/www.europesays.com\/fr\/226450\/"},"modified":"2025-07-04T20:15:11","modified_gmt":"2025-07-04T20:15:11","slug":"le-grand-jour-au-lycee-jeanne-darc-a-rouen","status":"publish","type":"post","link":"https:\/\/www.europesays.com\/fr\/226450\/","title":{"rendered":"le grand jour au lyc\u00e9e Jeanne-d&rsquo;Arc, \u00e0 Rouen"},"content":{"rendered":"\n<p>\u00ab\u00a0Oui, c&rsquo;est bon! Mention, mention bien\u00a0\u00bb, \u00ab\u00a0Pas de mention mais je suis contente\u00a0\u00bb : effusions de joie, accolades et quelques larmes en ce jour si particulier, que ces \u00e9l\u00e8ves, plut\u00f4t d\u00e9tendus, ont voulu vivre en groupe. \u00ab\u00a0Franchement, \u00e7a allait. On va soulager les darons [\u2026] <strong>On partage un moment tous ensemble une derni\u00e8re fois, en vrai. On<\/strong><strong> a tous gal\u00e9r\u00e9 dans les \u00e9preuves et on se revoit une derni\u00e8re fois pour avoir nos r\u00e9sultats<\/strong>. On a fait les \u00e9preuves ensemble, il faut les terminer ensemble\u00a0\u00bb.<\/p>\n<p><strong>Place aux vacances&#8230;<\/strong><\/p>\n<p>Un moment que Manon est venue partager avec sa maman, Anne, visiblement \u00e9mue : <strong>\u00ab\u00a0Mention bien, qu&rsquo;est-ce que vous voulez que je dise ? Je suis fi\u00e8re et heureuse\u00a0\u00bb<\/strong>.<strong> <\/strong>Des nouveaux bacheliers qui vont pouvoir d\u00e9sormais se projeter sur la suite de leurs \u00e9tudes. Mais avant \u00e7a, place aux vacances : \u00ab\u00a0On est enfin libre\u00a0\u00bb, \u00ab\u00a0On va pouvoir poursuivre nos \u00e9tudes sup\u00e9rieures et \u00eatre contents de nous-m\u00eames\u00a0\u00bb, \u00ab\u00a0On d\u00e9croche des cours, on profite et voil\u00e0\u00a0\u00bb, \u00ab\u00a0Moi, j&rsquo;ai pas forc\u00e9ment de programme cet \u00e9t\u00e9\u00a0\u00bb, \u00ab\u00a0Moi, je suis les parents, les vacances et puis voil\u00e0, on voyage\u00a0\u00bb.<\/p>\n<p><strong>&#8230; ou au rattrapage !<\/strong><\/p>\n<p align=\"justify\">Et quant aux \u00e9l\u00e8ves qui n&rsquo;ont pas obtenu le bac du premier coup mais qui sont admis au rattrapage, ils vont devoir plancher encore un peu. <strong>Les \u00e9preuves se tiendront de lundi \u00e0 mercredi prochain. A Rouen, elles seront concentr\u00e9es les 7 et 9 juillet<\/strong>, soit la veille et le lendemain du passage du Tour de France, source de perturbations pour se d\u00e9placer.<\/p>\n","protected":false},"excerpt":{"rendered":"\u00ab\u00a0Oui, c&rsquo;est bon! Mention, mention bien\u00a0\u00bb, \u00ab\u00a0Pas de mention mais je suis contente\u00a0\u00bb : effusions de joie, accolades&hellip;\n","protected":false},"author":2,"featured_media":226451,"comment_status":"","ping_status":"","sticky":false,"template":"","format":"standard","meta":{"footnotes":""},"categories":[9587],"tags":[1111,11,36495,31780,3867,36497,1283,1777,674,1011,27,22461,36496,15387,12,5161,25,9590,5163],"class_list":{"0":"post-226450","1":"post","2":"type-post","3":"status-publish","4":"format-standard","5":"has-post-thumbnail","7":"category-rouen","8":"tag-actu","9":"tag-actualites","10":"tag-bac-2025-rouen","11":"tag-bac-2025","12":"tag-baccalaureat","13":"tag-epreuves-rattrapage-rouen","14":"tag-etudes","15":"tag-eu","16":"tag-europe","17":"tag-fr","18":"tag-france","19":"tag-infos-rouen","20":"tag-lycee-jeanne-darc-rouen","21":"tag-lyceens","22":"tag-news","23":"tag-normandie","24":"tag-republique-francaise","25":"tag-rouen","26":"tag-seine-maritime"},"share_on_mastodon":{"url":"https:\/\/pubeurope.com\/@fr\/114796804360467521","error":""},"_links":{"self":[{"href":"https:\/\/www.europesays.com\/fr\/wp-json\/wp\/v2\/posts\/226450","targetHints":{"allow":["GET"]}}],"collection":[{"href":"https:\/\/www.europesays.com\/fr\/wp-json\/wp\/v2\/posts"}],"about":[{"href":"https:\/\/www.europesays.com\/fr\/wp-json\/wp\/v2\/types\/post"}],"author":[{"embeddable":true,"href":"https:\/\/www.europesays.com\/fr\/wp-json\/wp\/v2\/users\/2"}],"replies":[{"embeddable":true,"href":"https:\/\/www.europesays.com\/fr\/wp-json\/wp\/v2\/comments?post=226450"}],"version-history":[{"count":0,"href":"https:\/\/www.europesays.com\/fr\/wp-json\/wp\/v2\/posts\/226450\/revisions"}],"wp:featuredmedia":[{"embeddable":true,"href":"https:\/\/www.europesays.com\/fr\/wp-json\/wp\/v2\/media\/226451"}],"wp:attachment":[{"href":"https:\/\/www.europesays.com\/fr\/wp-json\/wp\/v2\/media?parent=226450"}],"wp:term":[{"taxonomy":"category","embeddable":true,"href":"https:\/\/www.europesays.com\/fr\/wp-json\/wp\/v2\/categories?post=226450"},{"taxonomy":"post_tag","embeddable":true,"href":"https:\/\/www.europesays.com\/fr\/wp-json\/wp\/v2\/tags?post=226450"}],"curies":[{"name":"wp","href":"https:\/\/api.w.org\/{rel}","templated":true}]}}