{"id":226452,"date":"2025-07-04T20:17:11","date_gmt":"2025-07-04T20:17:11","guid":{"rendered":"https:\/\/www.europesays.com\/fr\/226452\/"},"modified":"2025-07-04T20:17:11","modified_gmt":"2025-07-04T20:17:11","slug":"municipales-2026-la-france-insoumise-lance-une-grande-enquete-dans-les-quartiers-populaires-de-grenoble","status":"publish","type":"post","link":"https:\/\/www.europesays.com\/fr\/226452\/","title":{"rendered":"Municipales 2026. La France insoumise lance une grande enqu\u00eate dans les quartiers populaires de Grenoble"},"content":{"rendered":"<p>Il y a un mois, le comit\u00e9 \u00e9lectoral de La France insoumise (LFI) validait <a href=\"https:\/\/www.ledauphine.com\/elections\/2025\/06\/02\/isere-grenoble-municipales-de-2026-les-insoumis-choisissent-elisa-martin-et-allan-brunon-comme-chefs-de-file\" target=\"_blank\" rel=\"nofollow noopener\">le bin\u00f4me de chefs de file pour les \u00e9lections municipales de mars\u00a02026 \u00e0 Grenoble<\/a>, avec Allan Brunon et <a href=\"https:\/\/www.ledauphine.com\/p\/elisa-martin\" target=\"_blank\" rel=\"nofollow noopener\">\u00c9lisa Martin<\/a>. Cette semaine, via un communiqu\u00e9, ceux-ci nous ont appris qu\u2019ils lan\u00e7aient une grande enqu\u00eate populaire sur le terrain. Des \u00e9quipes insoumises se rendent donc dans les quartiers populaires, \u00e0 la rencontre des habitants. \u00ab\u00a0L\u2019enjeu est de recueillir les col\u00e8res, \u00e9couter, comprendre les besoins, les urgences, les espoirs. \u00c0 partir de cette parole, nous poserons les fondations d\u2019une base programmatique de rupture, fid\u00e8le \u00e0 notre engagement pour am\u00e9liorer concr\u00e8tement la vie des gens. \u00bb<\/p>\n<p>\u00c0 l\u2019issue de cette enqu\u00eate, une restitution publique sera organis\u00e9e.<\/p>\n","protected":false},"excerpt":{"rendered":"Il y a un mois, le comit\u00e9 \u00e9lectoral de La France insoumise (LFI) validait le bin\u00f4me de chefs&hellip;\n","protected":false},"author":2,"featured_media":226453,"comment_status":"","ping_status":"","sticky":false,"template":"","format":"standard","meta":{"footnotes":""},"categories":[9566],"tags":[1111,11,2430,112,4188,1777,674,1011,27,2731,2732,108,2338,12,316,25],"class_list":{"0":"post-226452","1":"post","2":"type-post","3":"status-publish","4":"format-standard","5":"has-post-thumbnail","7":"category-grenoble","8":"tag-actu","9":"tag-actualites","10":"tag-auvergne-rhone-alpes","11":"tag-edition-grenoble-agglomeration","12":"tag-elections-municipales","13":"tag-eu","14":"tag-europe","15":"tag-fr","16":"tag-france","17":"tag-grenoble","18":"tag-grenoble-bassin","19":"tag-isere","20":"tag-la-france-insoumise","21":"tag-news","22":"tag-politique","23":"tag-republique-francaise"},"share_on_mastodon":{"url":"https:\/\/pubeurope.com\/@fr\/114796812279615673","error":""},"_links":{"self":[{"href":"https:\/\/www.europesays.com\/fr\/wp-json\/wp\/v2\/posts\/226452","targetHints":{"allow":["GET"]}}],"collection":[{"href":"https:\/\/www.europesays.com\/fr\/wp-json\/wp\/v2\/posts"}],"about":[{"href":"https:\/\/www.europesays.com\/fr\/wp-json\/wp\/v2\/types\/post"}],"author":[{"embeddable":true,"href":"https:\/\/www.europesays.com\/fr\/wp-json\/wp\/v2\/users\/2"}],"replies":[{"embeddable":true,"href":"https:\/\/www.europesays.com\/fr\/wp-json\/wp\/v2\/comments?post=226452"}],"version-history":[{"count":0,"href":"https:\/\/www.europesays.com\/fr\/wp-json\/wp\/v2\/posts\/226452\/revisions"}],"wp:featuredmedia":[{"embeddable":true,"href":"https:\/\/www.europesays.com\/fr\/wp-json\/wp\/v2\/media\/226453"}],"wp:attachment":[{"href":"https:\/\/www.europesays.com\/fr\/wp-json\/wp\/v2\/media?parent=226452"}],"wp:term":[{"taxonomy":"category","embeddable":true,"href":"https:\/\/www.europesays.com\/fr\/wp-json\/wp\/v2\/categories?post=226452"},{"taxonomy":"post_tag","embeddable":true,"href":"https:\/\/www.europesays.com\/fr\/wp-json\/wp\/v2\/tags?post=226452"}],"curies":[{"name":"wp","href":"https:\/\/api.w.org\/{rel}","templated":true}]}}