{"id":226462,"date":"2025-07-04T20:22:12","date_gmt":"2025-07-04T20:22:12","guid":{"rendered":"https:\/\/www.europesays.com\/fr\/226462\/"},"modified":"2025-07-04T20:22:12","modified_gmt":"2025-07-04T20:22:12","slug":"immobilier-autour-de-strasbourg-ces-communes-qui-attirent-les-acheteurs-en-2025-actual-immo","status":"publish","type":"post","link":"https:\/\/www.europesays.com\/fr\/226462\/","title":{"rendered":"Immobilier autour de Strasbourg : ces communes qui attirent les acheteurs en 2025 &#8211; Actual Immo"},"content":{"rendered":"<p><strong>Autour de Strasbourg, le march\u00e9 immobilier entre dans une nouvelle phase. Apr\u00e8s des ann\u00e9es de hausse, certaines communes affichent en 2025 une baisse importante du prix des maisons. Cette \u00e9volution change la donne pour bien des acheteurs, notamment ceux \u00e0 la recherche d\u2019espace ou avec un projet de vie plus paisible. Alors que la ville reste attractive et tendue c\u00f4t\u00e9 tarifs, les zones rurales et p\u00e9riurbaines r\u00e9v\u00e8lent aujourd\u2019hui des opportunit\u00e9s insoup\u00e7onn\u00e9es.<\/strong><\/p>\n<p>Le march\u00e9 immobilier dans la p\u00e9riph\u00e9rie de Strasbourg : cap sur la baisse<\/p>\n<p>Sur trois ans, plusieurs villages autour de <strong>Strasbourg<\/strong> enregistrent un recul d\u2019environ <strong>11\u00a0% sur le prix au m\u00e8tre carr\u00e9<\/strong> pour l\u2019achat d\u2019une maison.<\/p>\n<p>Ce mouvement concerne autant des localit\u00e9s rurales que des bourgs accessibles par autoroute ou desservis par les axes principaux.<\/p>\n<p>La dynamique s\u2019inverse apr\u00e8s avoir r\u00e9sist\u00e9 pendant la crise sanitaire, ouvrant d\u00e9sormais des <strong>portes aux acqu\u00e9reurs<\/strong>.<\/p>\n<p>Cet effritement touche surtout des <strong>communes pris\u00e9es pour leur cadre verdoyant<\/strong>, leur tranquillit\u00e9 ou leur ancrage entre campagne et bassins d\u2019emplois r\u00e9gionaux.<\/p>\n<p>Contrairement aux quartiers intra-muros tr\u00e8s sollicit\u00e9s, ces territoires voient leur <strong>stock de biens augmenter<\/strong> l\u00e9g\u00e8rement et une client\u00e8le au profil vari\u00e9 se tourner vers eux.<\/p>\n<p>Quels villages profitent de cette tendance baissi\u00e8re ?<\/p>\n<p>L\u2019\u00e9volution du <strong>march\u00e9 immobilier<\/strong> n\u2019est pas uniforme autour de Strasbourg, mais certaines <strong>communes tirent leur \u00e9pingle du jeu<\/strong>.<\/p>\n<p>Elles affichent toutes une baisse \u00e9quivalente proche de 11 % sur trois ans tout en conservant des <strong>caract\u00e9ristiques vari\u00e9es<\/strong> en termes de paysages et de mode de vie.<\/p>\n<tr>CommuneProfil \/ EnvironnementPrix moyen au m\u00b2 (2025)<\/tr>\n<tr>\n<td>Uhrwiller<\/td>\n<td>Village paisible du pays de Hanau, id\u00e9al pour familles ou t\u00e9l\u00e9travailleurs<\/td>\n<td>1 450 \u20ac<\/td>\n<\/tr>\n<tr>\n<td>Ernolsheim-l\u00e8s-Saverne<\/td>\n<td>Vie \u00e0 la campagne avec acc\u00e8s rapide \u00e0 l\u2019A4<\/td>\n<td>1 750 \u20ac<\/td>\n<\/tr>\n<tr>\n<td>Forstheim<\/td>\n<td>Environnement semi-rural proche de Haguenau<\/td>\n<td>2 010 \u20ac<\/td>\n<\/tr>\n<tr>\n<td>Steige<\/td>\n<td>Vall\u00e9e de Vill\u00e9, ambiance montagne et authenticit\u00e9<\/td>\n<td>1 781 \u20ac<\/td>\n<\/tr>\n<tr>\n<td>Drachenbronn-Birlenbach<\/td>\n<td>Commune frontali\u00e8re calme dans le nord du Bas-Rhin<\/td>\n<td>1 911 \u20ac<\/td>\n<\/tr>\n<p>Ces situations contrastent avec l\u2019<strong>engouement r\u00e9cent pour la campagne<\/strong> enclench\u00e9e lors de la crise sanitaire. <\/p>\n<p>Le <strong>rapport qualit\u00e9-prix<\/strong> redevient ici int\u00e9ressant dans un contexte o\u00f9 la demande se normalise et l\u2019offre retrouve de la vigueur.<\/p>\n<p>La baisse g\u00e9n\u00e9rale observ\u00e9e offre une palette d\u2019options \u00e0 diff\u00e9rents types d\u2019acqu\u00e9reurs.<\/p>\n<p><strong>Jeunes actifs<\/strong>, retrait\u00e9s pr\u00eats \u00e0 s\u2019\u00e9loigner du centre-ville ou encore familles recompos\u00e9es peuvent envisager une installation dans ces villages, parfois impossibles \u00e0 atteindre il y a quelques ann\u00e9es.<\/p>\n<p>L\u2019<strong>accessibilit\u00e9<\/strong>, malgr\u00e9 une localisation parfois \u00e9loign\u00e9e des p\u00f4les urbains, est compens\u00e9e par le calme, l\u2019espace ext\u00e9rieur et les services locaux qui continuent de progresser.<\/p>\n<p>Nombreux sont aussi les <strong>salari\u00e9s en t\u00e9l\u00e9travail<\/strong> int\u00e9gral ou partiel qui profitent de ce nouvel arbitrage g\u00e9ographique, rendant possible la conciliation entre <strong>confort r\u00e9sidentiel<\/strong> et activit\u00e9 professionnelle sans sacrifier le budget logement.<\/p>\n<p>L\u2019ajustement constat\u00e9 n\u2019annonce pas pour autant une crise majeure de l\u2019immobilier r\u00e9gional.<\/p>\n<p>Au contraire, certains professionnels anticipent plut\u00f4t le retour d\u2019un <strong>\u00e9quilibre durable<\/strong> apr\u00e8s plusieurs ann\u00e9es surchauff\u00e9es.<\/p>\n<p>La stabilisation des prix encourage de nouveaux projets, surtout ceux n\u00e9cessitant une surface g\u00e9n\u00e9reuse ou une <strong>configuration familiale adapt\u00e9e<\/strong>.<\/p>\n<p>\u00c0 travers ces ajustements, il devient plus facile pour les personnes souhaitant investir ou acc\u00e9der \u00e0 la propri\u00e9t\u00e9 de tirer pleinement parti de leur achat, m\u00eame en p\u00e9riode de taux d\u2019int\u00e9r\u00eat \u00e9lev\u00e9s.<\/p>\n<p>L\u2019<strong>\u00e9ventail de communes concern\u00e9es<\/strong> fournit ainsi l\u2019occasion de s\u2019installer sans y laisser toutes ses \u00e9conomies.<\/p>\n<p>Ce qu\u2019il faut surveiller avant de se lancer dans l\u2019achat en zone rurale alsacienne<\/p>\n<p>M\u00eame si la <strong>baisse g\u00e9n\u00e9rale aiguise l\u2019app\u00e9tit<\/strong> des pr\u00e9tendants \u00e0 un nouveau domicile, il convient aussi d\u2019examiner certains crit\u00e8res essentiels li\u00e9s \u00e0 l\u2019emplacement et aux sp\u00e9cificit\u00e9s locales.<\/p>\n<p>Certaines localit\u00e9s, en raison de leur \u00e9loignement, offrent des <strong>tarifs tr\u00e8s attractifs<\/strong> mais demandent de composer avec moins de commodit\u00e9s imm\u00e9diates ou une mobilit\u00e9 r\u00e9duite sans v\u00e9hicule personnel.<\/p>\n<p>D\u2019autres communes, mieux connect\u00e9es ou positionn\u00e9es sur des axes majeurs, conjuguent d\u00e9j\u00e0 des <strong>prix adoucis<\/strong> avec des \u00e9quipements modernes (\u00e9coles, commerces, transports).<\/p>\n<p>S\u2019informer sur les <strong>projets urbanistiques<\/strong>, la vitalit\u00e9 du tissu associatif ou la pr\u00e9sence de r\u00e9seaux d\u00e9di\u00e9s aux enfants peut faire toute la diff\u00e9rence selon le projet familial ou professionnel.<\/p>\n<p>Pourquoi 2025 pourrait bien devenir le moment opportun pour r\u00e9aliser son achat<\/p>\n<p>En r\u00e9sum\u00e9, on assiste \u00e0 la fois \u00e0 un <strong>r\u00e9\u00e9quilibrage b\u00e9n\u00e9fique<\/strong> pour les candidats \u00e0 la propri\u00e9t\u00e9 et \u00e0 une forme de s\u00e9lection naturelle entre diff\u00e9rentes zones g\u00e9ographiques.<\/p>\n<p>Les <strong>communes p\u00e9riph\u00e9riques<\/strong>, plus temp\u00e9r\u00e9es niveau tarifs, ravivent le march\u00e9 et contrent la pression exerc\u00e9e dans le centre strasbourgeois.<\/p>\n<p>Ainsi, pour celles et ceux dispos\u00e9s \u00e0 prendre le temps de comparer, visiter et diff\u00e9rencier chaque ambiance villageoise, l\u2019ann\u00e9e en cours offre de nombreuses opportunit\u00e9s concr\u00e8tes.<\/p>\n<p>Suivre la tendance tout en affinant son choix garantira une <strong>acquisition r\u00e9ussie<\/strong> dans le secteur strasbourgeois.<\/p>\n<p>Sources<\/p>\n","protected":false},"excerpt":{"rendered":"Autour de Strasbourg, le march\u00e9 immobilier entre dans une nouvelle phase. Apr\u00e8s des ann\u00e9es de hausse, certaines communes&hellip;\n","protected":false},"author":2,"featured_media":226463,"comment_status":"","ping_status":"","sticky":false,"template":"","format":"standard","meta":{"footnotes":""},"categories":[2820],"tags":[5189,1111,11,1777,674,1011,27,775,2140,12,25,640],"class_list":{"0":"post-226462","1":"post","2":"type-post","3":"status-publish","4":"format-standard","5":"has-post-thumbnail","7":"category-strasbourg","8":"tag-achat-immobilier","9":"tag-actu","10":"tag-actualites","11":"tag-eu","12":"tag-europe","13":"tag-fr","14":"tag-france","15":"tag-grand-est","16":"tag-marche-immobilier","17":"tag-news","18":"tag-republique-francaise","19":"tag-strasbourg"},"share_on_mastodon":{"url":"https:\/\/pubeurope.com\/@fr\/114796831998629537","error":""},"_links":{"self":[{"href":"https:\/\/www.europesays.com\/fr\/wp-json\/wp\/v2\/posts\/226462","targetHints":{"allow":["GET"]}}],"collection":[{"href":"https:\/\/www.europesays.com\/fr\/wp-json\/wp\/v2\/posts"}],"about":[{"href":"https:\/\/www.europesays.com\/fr\/wp-json\/wp\/v2\/types\/post"}],"author":[{"embeddable":true,"href":"https:\/\/www.europesays.com\/fr\/wp-json\/wp\/v2\/users\/2"}],"replies":[{"embeddable":true,"href":"https:\/\/www.europesays.com\/fr\/wp-json\/wp\/v2\/comments?post=226462"}],"version-history":[{"count":0,"href":"https:\/\/www.europesays.com\/fr\/wp-json\/wp\/v2\/posts\/226462\/revisions"}],"wp:featuredmedia":[{"embeddable":true,"href":"https:\/\/www.europesays.com\/fr\/wp-json\/wp\/v2\/media\/226463"}],"wp:attachment":[{"href":"https:\/\/www.europesays.com\/fr\/wp-json\/wp\/v2\/media?parent=226462"}],"wp:term":[{"taxonomy":"category","embeddable":true,"href":"https:\/\/www.europesays.com\/fr\/wp-json\/wp\/v2\/categories?post=226462"},{"taxonomy":"post_tag","embeddable":true,"href":"https:\/\/www.europesays.com\/fr\/wp-json\/wp\/v2\/tags?post=226462"}],"curies":[{"name":"wp","href":"https:\/\/api.w.org\/{rel}","templated":true}]}}