{"id":226466,"date":"2025-07-04T20:24:13","date_gmt":"2025-07-04T20:24:13","guid":{"rendered":"https:\/\/www.europesays.com\/fr\/226466\/"},"modified":"2025-07-04T20:24:13","modified_gmt":"2025-07-04T20:24:13","slug":"violente-agression-de-christiane-mamy-trafic-a-nice-son-agresseur-schizophrene-condamne-a-de-la-prison-avec-sursis","status":"publish","type":"post","link":"https:\/\/www.europesays.com\/fr\/226466\/","title":{"rendered":"Violente agression de Christiane, mamy trafic \u00e0 Nice: son agresseur, schizophr\u00e8ne condamn\u00e9 \u00e0 de la prison avec sursis"},"content":{"rendered":"<p>D\u2019une voix \u00e9touff\u00e9e par la honte, Alain(1) pr\u00e9sente des excuses \u00e0 peine audibles \u00e0 la victime et tente d\u2019expliquer son geste: \u00ab\u00a0J\u2019allais pour traverser apr\u00e8s \u00eatre descendu du bus. Elle m\u2019a parl\u00e9, mais je n\u2019ai pas compris ce qu\u2019elle me disait. Je l\u2019ai pouss\u00e9 avec la main gauche\u00a0\u00bb.<\/p>\n<p>Une version que le pr\u00e9sident du tribunal, Christian Legay, peine \u00e0 croire tant ce qu\u2019il raconte ne correspond pas <a href=\"https:\/\/www.nicematin.com\/faits-divers\/un-suspect-place-en-garde-a-vue-au-lendemain-de-l-agression-d-une-mamy-trafic-a-nice-992844\" rel=\"nofollow noopener\" target=\"_blank\">\u00e0 la gravit\u00e9 des blessures de la septuag\u00e9naire<\/a>. En effet, Christiane souffre notamment d\u2019un traumatisme cranio-facial et a re\u00e7u une ITT de six jours.<\/p>\n<p><strong>Diagnostiqu\u00e9 schizophr\u00e8ne et sous traitement depuis plusieurs d\u00e9cennies<\/strong>, Alain dit s\u2019\u00eatre senti \u00ab\u00a0menac\u00e9\u00a0\u00bb par la mamy trafic, qui lui avait simplement demand\u00e9 si tout allait bien.<\/p>\n<p><strong>La sc\u00e8ne n\u2019a pu \u00eatre film\u00e9e<\/strong><\/p>\n<p>\u00ab\u00a0Je suis fatigu\u00e9 des nerfs\u00a0\u00bb, ajoute-t-il. Sa m\u00e8re, pr\u00e9sente au moment des faits, a d\u00e9clar\u00e9 aux enqu\u00eateurs: \u00ab\u00a0On a essay\u00e9 avec une dame de le raisonner, mais on n\u2019a rien pu faire.\u00a0\u00bb Si elle affirme qu\u2019il ne l\u2019a jamais frapp\u00e9e, Alain aurait l\u2019insulte facile lorsqu\u2019il est en crise. \u00ab\u00a0Nous ne sommes pas l\u00e0 pour nier ou minimiser les faits, mais je veux que l\u2019on tienne compte de qui est mon client\u00a0\u00bb, plaide Ma\u00eetre Florian Pl\u00e9bani.<\/p>\n<p><a href=\"https:\/\/www.nicematin.com\/faits-divers\/c-est-une-force-de-la-nature-apres-la-violente-agression-d-une-mamy-trafic-a-nice-christian-estrosi-donne-des-nouvelles-de-la-victime-992664\" rel=\"nofollow noopener\" target=\"_blank\">Malgr\u00e9 une certaine fragilit\u00e9, Christiane a trouv\u00e9 la force de t\u00e9moigner \u00e0 l\u2019audience. <\/a>Depuis l\u2019agression, <strong>elle a du mal \u00e0 manger et \u00e0 boire<\/strong>. D\u2019une part parce qu\u2019elle souffre, mais aussi parce que son dentier a \u00e9t\u00e9 cass\u00e9 lors de l\u2019agression, pr\u00e9cise son conseil, Ma\u00eetre Camille Luzi.<\/p>\n<p>Les cam\u00e9ras de surveillance \u00e9tant hors service ce jour-l\u00e0, la sc\u00e8ne n\u2019a pu \u00eatre film\u00e9e, mais \u00ab\u00a0vu le bleu que j\u2019ai sur la joue, je pense qu\u2019il m\u2019a frapp\u00e9e et pas juste pouss\u00e9e\u00a0\u00bb, avance la septuag\u00e9naire. Elle se souvient qu\u2019une dame l\u2019a avertie: \u00ab\u00a0Attention, il va vous frapper.\u00a0\u00bb Puis, le trou noir.<\/p>\n<p>\u00ab\u00a0Il m\u2019a mis KO\u00a0\u00bb, souffle-t-elle, pein\u00e9e de constater \u00ab\u00a0qu\u2019il existe des gens aussi m\u00e9chants\u00a0\u00bb.<\/p>\n<p>Tr\u00e8s marqu\u00e9e psychologiquement, <a href=\"https:\/\/www.nicematin.com\/faits-divers\/-il-a-tape-une-femme-qui-pourrait-etre-sa-mere-un-papy-trafic-raconte-l-agression-de-sa-collegue-devant-une-ecole-a-nice-992720\" rel=\"nofollow noopener\" target=\"_blank\">Christiane ne pense pas pouvoir reprendre son r\u00f4le de \u00ab\u00a0mamy trafic\u00a0\u00bb \u00e0 la rentr\u00e9e<\/a>. Une d\u00e9cision compr\u00e9hensible, comme l\u2019a soulign\u00e9 la procureure Marina Horlaville, car \u00ab\u00a0m\u00eame lorsque le corps est gu\u00e9ri, la crainte reste\u00a0\u00bb.<\/p>\n<p>Les experts psychiatres ont estim\u00e9 qu\u2019Alain, dont le casier judiciaire est vierge, \u00e9tait partiellement responsable de ses actes. La procureure avait requis 10 mois de prison avec sursis probatoire de deux ans. Le tribunal a d\u00e9cid\u00e9 une peine plus l\u00e9g\u00e8re, r\u00e9duisant <strong>la sanction \u00e0 huit mois avec sursis.<\/strong><\/p>\n<p><strong>Alain devra verser 2.500 euros \u00e0 titre de provision \u00e0 la victime<\/strong>, ainsi qu\u2019un euro symbolique \u00e0 la Ville de Nice, qui s\u2019est constitu\u00e9e partie civile. Le montant final du pr\u00e9judice moral et physique sera fix\u00e9 en f\u00e9vrier prochain.<\/p>\n","protected":false},"excerpt":{"rendered":"D\u2019une voix \u00e9touff\u00e9e par la honte, Alain(1) pr\u00e9sente des excuses \u00e0 peine audibles \u00e0 la victime et tente&hellip;\n","protected":false},"author":2,"featured_media":226467,"comment_status":"","ping_status":"","sticky":false,"template":"","format":"standard","meta":{"footnotes":""},"categories":[2819],"tags":[1111,11,1777,674,1011,27,303,12,2401,882,25],"class_list":{"0":"post-226466","1":"post","2":"type-post","3":"status-publish","4":"format-standard","5":"has-post-thumbnail","7":"category-nice","8":"tag-actu","9":"tag-actualites","10":"tag-eu","11":"tag-europe","12":"tag-fr","13":"tag-france","14":"tag-justice","15":"tag-news","16":"tag-nice","17":"tag-provence-alpes-cote-dazur","18":"tag-republique-francaise"},"share_on_mastodon":{"url":"https:\/\/pubeurope.com\/@fr\/114796839801374691","error":""},"_links":{"self":[{"href":"https:\/\/www.europesays.com\/fr\/wp-json\/wp\/v2\/posts\/226466","targetHints":{"allow":["GET"]}}],"collection":[{"href":"https:\/\/www.europesays.com\/fr\/wp-json\/wp\/v2\/posts"}],"about":[{"href":"https:\/\/www.europesays.com\/fr\/wp-json\/wp\/v2\/types\/post"}],"author":[{"embeddable":true,"href":"https:\/\/www.europesays.com\/fr\/wp-json\/wp\/v2\/users\/2"}],"replies":[{"embeddable":true,"href":"https:\/\/www.europesays.com\/fr\/wp-json\/wp\/v2\/comments?post=226466"}],"version-history":[{"count":0,"href":"https:\/\/www.europesays.com\/fr\/wp-json\/wp\/v2\/posts\/226466\/revisions"}],"wp:featuredmedia":[{"embeddable":true,"href":"https:\/\/www.europesays.com\/fr\/wp-json\/wp\/v2\/media\/226467"}],"wp:attachment":[{"href":"https:\/\/www.europesays.com\/fr\/wp-json\/wp\/v2\/media?parent=226466"}],"wp:term":[{"taxonomy":"category","embeddable":true,"href":"https:\/\/www.europesays.com\/fr\/wp-json\/wp\/v2\/categories?post=226466"},{"taxonomy":"post_tag","embeddable":true,"href":"https:\/\/www.europesays.com\/fr\/wp-json\/wp\/v2\/tags?post=226466"}],"curies":[{"name":"wp","href":"https:\/\/api.w.org\/{rel}","templated":true}]}}