{"id":226482,"date":"2025-07-04T20:34:10","date_gmt":"2025-07-04T20:34:10","guid":{"rendered":"https:\/\/www.europesays.com\/fr\/226482\/"},"modified":"2025-07-04T20:34:10","modified_gmt":"2025-07-04T20:34:10","slug":"a-moins-dun-an-des-municipales-le-collectif-vai-appelle-a-une-glasnost-marseillaise","status":"publish","type":"post","link":"https:\/\/www.europesays.com\/fr\/226482\/","title":{"rendered":"\u00c0 moins d&rsquo;un an des municipales, le collectif Va\u00ef appelle \u00e0 une \u00ab\u00a0Glasnost\u00a0\u00bb marseillaise"},"content":{"rendered":"<p>Quarante ans apr\u00e8s Mikha\u00efl Gorbatchev en URSS et \u00e0 moins d\u2019un an des municipales, le <a href=\"https:\/\/www.laprovence.com\/article\/region\/45503619741480\/vai-le-collectif-qui-rassemble-les-decus-du-printemps-marseillais-veut-peser-sur-les-prochaines-municipales\" target=\"_blank\" rel=\"noopener\">collectif \u00e9colo-citoyen Va\u00ef<\/a>, qui rassemble des \u00e9lus \u00e9cologistes, des militants et des membres de la soci\u00e9t\u00e9 civile, lance l\u2019op\u00e9ration \u00ab\u00a0Glasnost\u00a0\u00bb. Et revendique la r\u00e9f\u00e9rence \u00e0 la politique de l\u2019ex premier secr\u00e9taire g\u00e9n\u00e9ral de l\u2019Union sovi\u00e9tique.<\/p>\n<p>\u00ab\u00a0Glasnost signifie en russe &lsquo;transparence&rsquo;, rappelle Dominique Ruis, nouveau venu en politique. Nous voulons faire des Marseillais non plus des sujets locaux, mais des citoyens \u00e0 part enti\u00e8re.\u00a0\u00bb<\/p>\n<p>\u00ab\u00a0S\u2019attaquer aux urgences qui gangr\u00e8nent notre ville\u00a0\u00bb<\/p>\n<p>En ligne de mire\u00a0? \u00ab\u00a0Le syst\u00e8me G\u00a0: Gaston (Defferre), Gu\u00e9rini, Gaudin, l\u2019h\u00e9ritage client\u00e9liste qu\u2019on veut faire sauter\u00a0\u00bb, d\u00e9signe Corinne Iehl, ex-conseill\u00e8re m\u00e9tropolitaine (DVG) \u00e0 Lyon. \u00c0 ses c\u00f4t\u00e9s, S\u00e9bastien Barles, l\u2019un des chefs de file de Va\u00ef, \u00e9galement adjoint au maire Beno\u00eet Payan, rench\u00e9rit\u00a0: \u00ab\u00a0En\u00a02020, nous avons fait sauter le verrou politique (avec la victoire du Printemps marseillais, NDLR), mais il reste le verrou administratif, avec le pouvoir de FO \u00e0 la mairie, et le verrou d\u00e9mocratique.\u00a0\u00bb \u00ab\u00a0Pour s\u2019attaquer enfin aux urgences qui gangr\u00e8nent notre ville\u00a0\u00bb, le collectif lance donc cette semaine un \u00ab\u00a0grand diagnostic citoyen et territorial\u00a0\u00bb qui viendra \u00ab\u00a0enrichir <a href=\"https:\/\/www.laprovence.com\/article\/politique\/17323229411824\/a-marseille-le-collectif-ecolo-citoyen-vai-veut-bousculer-la-majorite-sortante\" target=\"_blank\" rel=\"noopener\">les dix premi\u00e8res mesures <\/a><a href=\"https:\/\/www.laprovence.com\/article\/politique\/17323229411824\/a-marseille-le-collectif-ecolo-citoyen-vai-veut-bousculer-la-majorite-sortante\" target=\"_blank\" rel=\"noopener\">basculantes<\/a>\u00a0\u00bb pr\u00e9sent\u00e9es le 23\u00a0juin.<\/p>\n<p>De l\u00e0 \u00e0 imaginer un sc\u00e9nario aux municipales contre le Printemps marseillais\u00a0? L\u2019adjoint de Beno\u00eet Payan, <a href=\"https:\/\/www.laprovence.com\/article\/elections\/17411892287612\/municipales-a-marseille-pour-lavoir-joue-trop-solo-sebastien-barles-suspendu-deelv\" target=\"_blank\" rel=\"noopener\">suspendu le 25\u00a0juin \u00ab\u00a0\u00e0 titre conservatoire\u00a0\u00bb par le bureau national d\u2019EELV <\/a>pour avoir rejoint le collectif Va\u00ef et ainsi affich\u00e9 son souhait de s\u2019impliquer de fa\u00e7on autonome aux municipales, se garde bien de d\u00e9voiler sa strat\u00e9gie. \u00ab\u00a0Aujourd\u2019hui, c\u2019est le travail programmatique qui doit primer, pas les alliances\u00a0\u00bb, sourit-il, avant de pr\u00e9ciser\u00a0: \u00ab\u00a0Nous ne rencontrerons pas les organisations politiques avant octobre.\u00a0\u00bb<\/p>\n","protected":false},"excerpt":{"rendered":"Quarante ans apr\u00e8s Mikha\u00efl Gorbatchev en URSS et \u00e0 moins d\u2019un an des municipales, le collectif \u00e9colo-citoyen Va\u00ef,&hellip;\n","protected":false},"author":2,"featured_media":226483,"comment_status":"","ping_status":"","sticky":false,"template":"","format":"standard","meta":{"footnotes":""},"categories":[2814],"tags":[17,1111,11,18235,1102,7819,2837,154,1777,674,1011,27,884,379,3554,12,316,882,25,36498],"class_list":{"0":"post-226482","1":"post","2":"type-post","3":"status-publish","4":"format-standard","5":"has-post-thumbnail","7":"category-marseille","8":"tag-17","9":"tag-actu","10":"tag-actualites","11":"tag-appelle","12":"tag-breakingnews","13":"tag-collectif","14":"tag-dun","15":"tag-des","16":"tag-eu","17":"tag-europe","18":"tag-fr","19":"tag-france","20":"tag-marseille","21":"tag-moins","22":"tag-municipales","23":"tag-news","24":"tag-politique","25":"tag-provence-alpes-cote-dazur","26":"tag-republique-francaise","27":"tag-vai"},"share_on_mastodon":{"url":"https:\/\/pubeurope.com\/@fr\/114796879200372718","error":""},"_links":{"self":[{"href":"https:\/\/www.europesays.com\/fr\/wp-json\/wp\/v2\/posts\/226482","targetHints":{"allow":["GET"]}}],"collection":[{"href":"https:\/\/www.europesays.com\/fr\/wp-json\/wp\/v2\/posts"}],"about":[{"href":"https:\/\/www.europesays.com\/fr\/wp-json\/wp\/v2\/types\/post"}],"author":[{"embeddable":true,"href":"https:\/\/www.europesays.com\/fr\/wp-json\/wp\/v2\/users\/2"}],"replies":[{"embeddable":true,"href":"https:\/\/www.europesays.com\/fr\/wp-json\/wp\/v2\/comments?post=226482"}],"version-history":[{"count":0,"href":"https:\/\/www.europesays.com\/fr\/wp-json\/wp\/v2\/posts\/226482\/revisions"}],"wp:featuredmedia":[{"embeddable":true,"href":"https:\/\/www.europesays.com\/fr\/wp-json\/wp\/v2\/media\/226483"}],"wp:attachment":[{"href":"https:\/\/www.europesays.com\/fr\/wp-json\/wp\/v2\/media?parent=226482"}],"wp:term":[{"taxonomy":"category","embeddable":true,"href":"https:\/\/www.europesays.com\/fr\/wp-json\/wp\/v2\/categories?post=226482"},{"taxonomy":"post_tag","embeddable":true,"href":"https:\/\/www.europesays.com\/fr\/wp-json\/wp\/v2\/tags?post=226482"}],"curies":[{"name":"wp","href":"https:\/\/api.w.org\/{rel}","templated":true}]}}