{"id":226484,"date":"2025-07-04T20:35:10","date_gmt":"2025-07-04T20:35:10","guid":{"rendered":"https:\/\/www.europesays.com\/fr\/226484\/"},"modified":"2025-07-04T20:35:10","modified_gmt":"2025-07-04T20:35:10","slug":"a-marseille-un-promoteur-et-un-bureau-detudes-juges-pour-avoir-deloge-des-chouettes-protegees-liberation","status":"publish","type":"post","link":"https:\/\/www.europesays.com\/fr\/226484\/","title":{"rendered":"A Marseille, un promoteur et un bureau d\u2019\u00e9tudes jug\u00e9s pour avoir d\u00e9log\u00e9 des chouettes prot\u00e9g\u00e9es \u2013 Lib\u00e9ration"},"content":{"rendered":"<p class=\"sc-ksZaOG ehjQrN text-element\">Il y a comme une chouette qui plane ce vendredi 4 juillet sur le palais de justice de Marseille : une <a href=\"https:\/\/www.lpo.fr\/decouvrir-la-nature\/fiches-especes\/fiches-especes\/oiseaux\/rapaces\/cheveche-d-athena\" target=\"_blank\" rel=\"nofollow noopener\" title=\"https:\/\/www.lpo.fr\/decouvrir-la-nature\/fiches-especes\/fiches-especes\/oiseaux\/rapaces\/cheveche-d-athena\">chev\u00eache d\u2019Ath\u00e9na<\/a>, boule de plumes qui tient presque dans le poing et victime principale dans le dossier examin\u00e9 par le tribunal correctionnel. Un promoteur et un bureau d\u2019\u00e9tudes y sont jug\u00e9s pour \u00abdestruction illicite de l\u2019habitat d\u2019une esp\u00e8ce animale non domestique\u00bb, en l\u2019occurrence une vieille b\u00e2tisse ras\u00e9e pour les besoins d\u2019un projet immobilier o\u00f9 un couple de chev\u00eaches avait \u00e9lu domicile.<\/p>\n<p class=\"sc-ksZaOG ehjQrN text-element\">C\u2019est parce que les infractions du genre sont \u00abmalheureusement tr\u00e8s courantes\u00bb et que \u00ables professionnels savent que le risque p\u00e9nal est limit\u00e9\u00bb, d\u00e9plore le procureur de la R\u00e9publique Michel Sastre, que ses r\u00e9quisitions doivent servir de \u00abmessage\u00bb : pour le promoteur, il a r\u00e9clam\u00e9 15 000 euros d\u2019amende \u00e0 titre personnel et 30 000 euros (dont la moiti\u00e9 avec sursis) pour sa SCI. Et encore 8 000 euros pour le g\u00e9rant du bureau d\u2019\u00e9tudes, jug\u00e9 pour complicit\u00e9, auxquels s\u2019ajoutent 15 000 euros pour la SARL Ecotonia.<\/p>\n<p class=\"sc-ksZaOG ehjQrN text-element\">Tout d\u00e9marre en 2020 lorsqu\u2019un permis de construire vient s\u2019accrocher \u00e0 un terrain de Ch\u00e2teau-Gombert, dans le 13e arrondissement de Marseille. Sur ce site en friche de 900 m\u00e8tres carr\u00e9s, la SCI \u00abLes Lodges <\/p>\n","protected":false},"excerpt":{"rendered":"Il y a comme une chouette qui plane ce vendredi 4 juillet sur le palais de justice de&hellip;\n","protected":false},"author":2,"featured_media":226485,"comment_status":"","ping_status":"","sticky":false,"template":"","format":"standard","meta":{"footnotes":""},"categories":[2814],"tags":[1111,11,5253,1777,674,1011,27,884,12,882,25],"class_list":{"0":"post-226484","1":"post","2":"type-post","3":"status-publish","4":"format-standard","5":"has-post-thumbnail","7":"category-marseille","8":"tag-actu","9":"tag-actualites","10":"tag-biodiversite-cest-la-sante","11":"tag-eu","12":"tag-europe","13":"tag-fr","14":"tag-france","15":"tag-marseille","16":"tag-news","17":"tag-provence-alpes-cote-dazur","18":"tag-republique-francaise"},"share_on_mastodon":{"url":"https:\/\/pubeurope.com\/@fr\/114796883183256575","error":""},"_links":{"self":[{"href":"https:\/\/www.europesays.com\/fr\/wp-json\/wp\/v2\/posts\/226484","targetHints":{"allow":["GET"]}}],"collection":[{"href":"https:\/\/www.europesays.com\/fr\/wp-json\/wp\/v2\/posts"}],"about":[{"href":"https:\/\/www.europesays.com\/fr\/wp-json\/wp\/v2\/types\/post"}],"author":[{"embeddable":true,"href":"https:\/\/www.europesays.com\/fr\/wp-json\/wp\/v2\/users\/2"}],"replies":[{"embeddable":true,"href":"https:\/\/www.europesays.com\/fr\/wp-json\/wp\/v2\/comments?post=226484"}],"version-history":[{"count":0,"href":"https:\/\/www.europesays.com\/fr\/wp-json\/wp\/v2\/posts\/226484\/revisions"}],"wp:featuredmedia":[{"embeddable":true,"href":"https:\/\/www.europesays.com\/fr\/wp-json\/wp\/v2\/media\/226485"}],"wp:attachment":[{"href":"https:\/\/www.europesays.com\/fr\/wp-json\/wp\/v2\/media?parent=226484"}],"wp:term":[{"taxonomy":"category","embeddable":true,"href":"https:\/\/www.europesays.com\/fr\/wp-json\/wp\/v2\/categories?post=226484"},{"taxonomy":"post_tag","embeddable":true,"href":"https:\/\/www.europesays.com\/fr\/wp-json\/wp\/v2\/tags?post=226484"}],"curies":[{"name":"wp","href":"https:\/\/api.w.org\/{rel}","templated":true}]}}