{"id":226488,"date":"2025-07-04T20:37:21","date_gmt":"2025-07-04T20:37:21","guid":{"rendered":"https:\/\/www.europesays.com\/fr\/226488\/"},"modified":"2025-07-04T20:37:21","modified_gmt":"2025-07-04T20:37:21","slug":"lyon-le-stand-up-fait-son-festival-aux-subs-2","status":"publish","type":"post","link":"https:\/\/www.europesays.com\/fr\/226488\/","title":{"rendered":"Lyon. Le stand-up fait son festival aux Subs"},"content":{"rendered":"<p>La 3e\u00a0 \u00e9dition du Lyon stand-up festival s\u2019installe aux Subs ce samedi. De 16 heures \u00e0 23 heures, de nombreux sp\u00e9cialistes locaux investissent le hangar o\u00f9 des comedy clubs se succ\u00e9deront. Sous la verri\u00e8re des Subs, un autre format de spectacle prendra place \u00e0 19\u00a0h\u00a030 et 21\u00a0heures avec \u00e0 chaque fois deux humoristes se partageant la sc\u00e8ne pendant 30 minutes.<\/p>\n<p class=\"note\">Lyon stand-up festival, ce samedi 5\u00a0juillet \u00e0 partir de 16 heures aux Subs, 8, bis quai Saint-Vincent, \u00e0 Lyon 1er. Entr\u00e9e\u00a0: 5\u00a0\u20ac en journ\u00e9e, de 5 \u00e0 18\u00a0\u20ac les spectacles en soir\u00e9e. <a href=\"https:\/\/www.les-subs.com\/\" target=\"_blank\" rel=\"nofollow noopener\">www.les-subs.com<\/a><\/p>\n","protected":false},"excerpt":{"rendered":"La 3e\u00a0 \u00e9dition du Lyon stand-up festival s\u2019installe aux Subs ce samedi. De 16 heures \u00e0 23 heures,&hellip;\n","protected":false},"author":2,"featured_media":226489,"comment_status":"","ping_status":"","sticky":false,"template":"","format":"standard","meta":{"footnotes":""},"categories":[1889],"tags":[1111,11,2430,1687,1777,674,1011,27,2428,12,25,3140],"class_list":{"0":"post-226488","1":"post","2":"type-post","3":"status-publish","4":"format-standard","5":"has-post-thumbnail","7":"category-lyon","8":"tag-actu","9":"tag-actualites","10":"tag-auvergne-rhone-alpes","11":"tag-culture-loisirs","12":"tag-eu","13":"tag-europe","14":"tag-fr","15":"tag-france","16":"tag-lyon","17":"tag-news","18":"tag-republique-francaise","19":"tag-spectacle"},"share_on_mastodon":{"url":"https:\/\/pubeurope.com\/@fr\/114796890886439318","error":""},"_links":{"self":[{"href":"https:\/\/www.europesays.com\/fr\/wp-json\/wp\/v2\/posts\/226488","targetHints":{"allow":["GET"]}}],"collection":[{"href":"https:\/\/www.europesays.com\/fr\/wp-json\/wp\/v2\/posts"}],"about":[{"href":"https:\/\/www.europesays.com\/fr\/wp-json\/wp\/v2\/types\/post"}],"author":[{"embeddable":true,"href":"https:\/\/www.europesays.com\/fr\/wp-json\/wp\/v2\/users\/2"}],"replies":[{"embeddable":true,"href":"https:\/\/www.europesays.com\/fr\/wp-json\/wp\/v2\/comments?post=226488"}],"version-history":[{"count":0,"href":"https:\/\/www.europesays.com\/fr\/wp-json\/wp\/v2\/posts\/226488\/revisions"}],"wp:featuredmedia":[{"embeddable":true,"href":"https:\/\/www.europesays.com\/fr\/wp-json\/wp\/v2\/media\/226489"}],"wp:attachment":[{"href":"https:\/\/www.europesays.com\/fr\/wp-json\/wp\/v2\/media?parent=226488"}],"wp:term":[{"taxonomy":"category","embeddable":true,"href":"https:\/\/www.europesays.com\/fr\/wp-json\/wp\/v2\/categories?post=226488"},{"taxonomy":"post_tag","embeddable":true,"href":"https:\/\/www.europesays.com\/fr\/wp-json\/wp\/v2\/tags?post=226488"}],"curies":[{"name":"wp","href":"https:\/\/api.w.org\/{rel}","templated":true}]}}