{"id":226496,"date":"2025-07-04T20:42:16","date_gmt":"2025-07-04T20:42:16","guid":{"rendered":"https:\/\/www.europesays.com\/fr\/226496\/"},"modified":"2025-07-04T20:42:16","modified_gmt":"2025-07-04T20:42:16","slug":"je-ne-my-attendais-pas-du-tout-une-etudiante-espagnole-a-paris-laureate-du-concours-de-poesie-de-la-ratp","status":"publish","type":"post","link":"https:\/\/www.europesays.com\/fr\/226496\/","title":{"rendered":"\u00ab\u00a0Je ne m\u2019y attendais pas du tout\u00a0\u00bb, une \u00e9tudiante espagnole \u00e0 Paris laur\u00e9ate du concours de po\u00e9sie de la RATP"},"content":{"rendered":"<p class=\"paragraph text_align_left lp-f-body-02\">Quand elle a appris qu\u2019elle avait gagn\u00e9, Lucia Garrido Martinez n\u2019en revenait pas. Son po\u00e8me a remport\u00e9 le prix Adultes du Grand Prix de la Po\u00e9sie RATP 2025, un concours gratuit et ouvert \u00e0 tous, qui r\u00e9compense les plus beaux vers. \u00ab Je suis \u00e9videmment tr\u00e8s heureuse, je ne m\u2019y attendais pas du tout \u00bb explique la jeune femme de 22 ans, venue d\u2019Espagne en \u00e9change Erasmus pour \u00e9tudier l\u2019architecture \u00e0 Paris.<\/p>\n<p class=\"paragraph text_align_left lp-f-body-02\">Elle a d\u2019abord \u00e9crit son texte en espagnol, et a b\u00e9n\u00e9fici\u00e9 de l\u2019aide de sa professeure de fran\u00e7ais pour \u00ab la traduction et trouver les bons mots \u00bb. Son po\u00e8me traite de l\u2019exil, \u00ab une exp\u00e9rience pas toujours facile, avec des hauts et des bas \u00bb explique la laur\u00e9ate.<\/p>\n<p class=\"paragraph text_align_left lp-f-body-02\">Des vers qui ont touch\u00e9 le pr\u00e9sident du jury, le com\u00e9dien et auteur Alexis Michalik. \u00ab Il a \u00e9t\u00e9 sensible au texte de Lucia, d\u2019autant que sa derni\u00e8re pi\u00e8ce de th\u00e9\u00e2tre, \u00ab Passeport \u00bb, parle de cela \u00bb, explique Pierre Audiger, responsable des op\u00e9rations sp\u00e9ciales, culture et partenariats \u00e0 la RATP. Ce dernier \u00e9voque m\u00eame un \u00ab coup de c\u0153ur \u00bb du jury pour le texte de Lucia.<\/p>\n<p class=\"paragraph text_align_left lp-f-body-02\">Au total, ce sont onze laur\u00e9ats qui ont \u00e9t\u00e9 r\u00e9compens\u00e9s, parmi lesquels deux enfants de 11 ans. Tous pourront voir leurs po\u00e8mes affich\u00e9s tout l\u2019\u00e9t\u00e9 dans pr\u00e8s de 4 000 emplacements sur le r\u00e9seau m\u00e9tro et RER op\u00e9r\u00e9 par la RATP.<\/p>\n<p class=\"paragraph text_align_left lp-f-body-02\">Nouveaut\u00e9 de cette onzi\u00e8me \u00e9dition, <a href=\"https:\/\/www.editions-brunodoucey.com\/products\/cent-poemes-pour-voyager-grand-prix-poesie-ratp-2025\" rel=\"noopener\" target=\"_blank\">un recueil intitul\u00e9 \u00ab Cent po\u00e8mes pour voyager \u00bb, qui regroupe les vers des cent finalistes<\/a>, sera publi\u00e9 le 22 ao\u00fbt, aux \u00e9ditions Bruno Doucey, \u00e9galement membre du jury. D\u2019autres membres comme des journalistes litt\u00e9raires ou des personnalit\u00e9s du monde de l\u2019\u00e9dition composaient le comit\u00e9 de s\u00e9lection.<\/p>\n<p class=\"paragraph text_align_left lp-f-body-02\">Les organisateurs du Grand Prix Po\u00e9sie 2025 ont re\u00e7u pr\u00e8s de 13 500 po\u00e8mes, un record, indique la RATP. Parmi les th\u00e9matiques les plus fr\u00e9quentes, Pierre Audiger rel\u00e8ve l\u2019amour, mais aussi l\u2019actualit\u00e9, avec parfois des po\u00e8mes qui traitent du changement climatique. Les liens entre les g\u00e9n\u00e9rations sont aussi pr\u00e9sents, certains auteurs s\u2019adressant dans leurs textes \u00e0 leurs a\u00een\u00e9s, leurs grands-parents.<\/p>\n<p class=\"paragraph text_align_left lp-f-body-02\">Alors affutez vos rimes. Face \u00e0 ce succ\u00e8s, la douzi\u00e8me \u00e9dition est d\u2019ores et d\u00e9j\u00e0 pr\u00e9vue courant mars 2026.<\/p>\n","protected":false},"excerpt":{"rendered":"Quand elle a appris qu\u2019elle avait gagn\u00e9, Lucia Garrido Martinez n\u2019en revenait pas. Son po\u00e8me a remport\u00e9 le&hellip;\n","protected":false},"author":2,"featured_media":226497,"comment_status":"","ping_status":"","sticky":false,"template":"","format":"standard","meta":{"footnotes":""},"categories":[1888],"tags":[11,1777,674,1011,27,1944,12,626,25,2382],"class_list":{"0":"post-226496","1":"post","2":"type-post","3":"status-publish","4":"format-standard","5":"has-post-thumbnail","7":"category-paris","8":"tag-actualites","9":"tag-eu","10":"tag-europe","11":"tag-fr","12":"tag-france","13":"tag-ma-ville","14":"tag-news","15":"tag-paris","16":"tag-republique-francaise","17":"tag-transport-idf-oise"},"share_on_mastodon":{"url":"https:\/\/pubeurope.com\/@fr\/114796910579778158","error":""},"_links":{"self":[{"href":"https:\/\/www.europesays.com\/fr\/wp-json\/wp\/v2\/posts\/226496","targetHints":{"allow":["GET"]}}],"collection":[{"href":"https:\/\/www.europesays.com\/fr\/wp-json\/wp\/v2\/posts"}],"about":[{"href":"https:\/\/www.europesays.com\/fr\/wp-json\/wp\/v2\/types\/post"}],"author":[{"embeddable":true,"href":"https:\/\/www.europesays.com\/fr\/wp-json\/wp\/v2\/users\/2"}],"replies":[{"embeddable":true,"href":"https:\/\/www.europesays.com\/fr\/wp-json\/wp\/v2\/comments?post=226496"}],"version-history":[{"count":0,"href":"https:\/\/www.europesays.com\/fr\/wp-json\/wp\/v2\/posts\/226496\/revisions"}],"wp:featuredmedia":[{"embeddable":true,"href":"https:\/\/www.europesays.com\/fr\/wp-json\/wp\/v2\/media\/226497"}],"wp:attachment":[{"href":"https:\/\/www.europesays.com\/fr\/wp-json\/wp\/v2\/media?parent=226496"}],"wp:term":[{"taxonomy":"category","embeddable":true,"href":"https:\/\/www.europesays.com\/fr\/wp-json\/wp\/v2\/categories?post=226496"},{"taxonomy":"post_tag","embeddable":true,"href":"https:\/\/www.europesays.com\/fr\/wp-json\/wp\/v2\/tags?post=226496"}],"curies":[{"name":"wp","href":"https:\/\/api.w.org\/{rel}","templated":true}]}}