{"id":226518,"date":"2025-07-04T20:56:11","date_gmt":"2025-07-04T20:56:11","guid":{"rendered":"https:\/\/www.europesays.com\/fr\/226518\/"},"modified":"2025-07-04T20:56:11","modified_gmt":"2025-07-04T20:56:11","slug":"et-il-ma-casse-deux-phalanges-philippe-saint-andre-se-souvient-de-lexploit-de-1994-en-nouvelle-zelande","status":"publish","type":"post","link":"https:\/\/www.europesays.com\/fr\/226518\/","title":{"rendered":"\u00ab\u00a0Et il m\u2019a cass\u00e9 deux phalanges&#8230;\u00a0\u00bb\u00a0: Philippe Saint-Andr\u00e9 se souvient de l\u2019exploit de 1994 en Nouvelle-Z\u00e9lande"},"content":{"rendered":"<p class=\"paragraph text_align_left lp-f-body-02\">Alors que le<a href=\"https:\/\/www.leparisien.fr\/sports\/rugby\/xv-de-france\/\" target=\"_self\" rel=\"nofollow noopener\"> XV de France <\/a>affronte les All Blacks ce samedi (9 heures) \u00e0 Dunedin, <a href=\"https:\/\/www.leparisien.fr\/sports\/rugby\/quand-il-y-a-une-faute-il-faut-la-punir-quand-philippe-saint-andre-passe-des-messages-aux-jeunes-rugbymen-18-10-2024-JYM3QZ7JFNHONDFELMXUFYIXDY.php\" target=\"_self\" rel=\"nofollow noopener\">Philippe Saint-Andr\u00e9,<\/a> lui, m\u00e8ne la pr\u00e9paration de sa nouvelle \u00e9quipe Provence Rugby en vue du championnat de Pro D 2. Entre deux s\u00e9ances de musculation de ses joueurs, le manager de 58 ans a pris le temps d\u2019\u00e9voquer la tourn\u00e9e historique de 1994, la seule \u00e0 ce jour remport\u00e9e par une \u00e9quipe de France &#8211; dont il \u00e9tait le capitaine &#8211; en <a href=\"https:\/\/www.leparisien.fr\/sports\/rugby\/le-xv-de-france-contre-les-all-blacks-3-exploits-3-deroutes-et-un-reve-inabouti-11-11-2017-7387050.php\" target=\"_blank\" rel=\"noreferrer nofollow noopener\">Nouvelle-Z\u00e9lande<\/a> (22-8 puis 23-20).<\/p>\n<p class=\"paragraph text_align_left lp-f-body-02\">Les souvenirs sont tr\u00e8s vite remont\u00e9s \u00e0 la surface : les exploits, l\u2019essai du bout du monde mais aussi le contexte, un sport encore amateur, et ce pays d\u00e9di\u00e9 au ballon ovale. L\u2019ancien ailier (69 s\u00e9lections) puis s\u00e9lectionneur (de 2011 \u00e0 2015) des Bleus a, au passage, \u00e9gratign\u00e9 un <a href=\"https:\/\/www.leparisien.fr\/sports\/rugby\/\" target=\"_blank\" rel=\"noreferrer nofollow noopener\">rugby<\/a> tricolore qui n\u2019envoie plus ses meilleurs joueurs disputer les tourn\u00e9es d\u2019\u00e9t\u00e9.<\/p>\n","protected":false},"excerpt":{"rendered":"Alors que le XV de France affronte les All Blacks ce samedi (9 heures) \u00e0 Dunedin, Philippe Saint-Andr\u00e9,&hellip;\n","protected":false},"author":2,"featured_media":226519,"comment_status":"","ping_status":"","sticky":false,"template":"","format":"standard","meta":{"footnotes":""},"categories":[1416],"tags":[1011,27,479,1468,60,30845],"class_list":{"0":"post-226518","1":"post","2":"type-post","3":"status-publish","4":"format-standard","5":"has-post-thumbnail","7":"category-rugby","8":"tag-fr","9":"tag-france","10":"tag-rugby","11":"tag-rugby-football","12":"tag-sports","13":"tag-xv-france"},"share_on_mastodon":{"url":"https:\/\/pubeurope.com\/@fr\/114796965650259789","error":""},"_links":{"self":[{"href":"https:\/\/www.europesays.com\/fr\/wp-json\/wp\/v2\/posts\/226518","targetHints":{"allow":["GET"]}}],"collection":[{"href":"https:\/\/www.europesays.com\/fr\/wp-json\/wp\/v2\/posts"}],"about":[{"href":"https:\/\/www.europesays.com\/fr\/wp-json\/wp\/v2\/types\/post"}],"author":[{"embeddable":true,"href":"https:\/\/www.europesays.com\/fr\/wp-json\/wp\/v2\/users\/2"}],"replies":[{"embeddable":true,"href":"https:\/\/www.europesays.com\/fr\/wp-json\/wp\/v2\/comments?post=226518"}],"version-history":[{"count":0,"href":"https:\/\/www.europesays.com\/fr\/wp-json\/wp\/v2\/posts\/226518\/revisions"}],"wp:featuredmedia":[{"embeddable":true,"href":"https:\/\/www.europesays.com\/fr\/wp-json\/wp\/v2\/media\/226519"}],"wp:attachment":[{"href":"https:\/\/www.europesays.com\/fr\/wp-json\/wp\/v2\/media?parent=226518"}],"wp:term":[{"taxonomy":"category","embeddable":true,"href":"https:\/\/www.europesays.com\/fr\/wp-json\/wp\/v2\/categories?post=226518"},{"taxonomy":"post_tag","embeddable":true,"href":"https:\/\/www.europesays.com\/fr\/wp-json\/wp\/v2\/tags?post=226518"}],"curies":[{"name":"wp","href":"https:\/\/api.w.org\/{rel}","templated":true}]}}