{"id":226526,"date":"2025-07-04T21:01:09","date_gmt":"2025-07-04T21:01:09","guid":{"rendered":"https:\/\/www.europesays.com\/fr\/226526\/"},"modified":"2025-07-04T21:01:09","modified_gmt":"2025-07-04T21:01:09","slug":"tdf-tour-de-france-didier-rous-pour-lavenir-emmanuel-hubert-travaille-beaucoup","status":"publish","type":"post","link":"https:\/\/www.europesays.com\/fr\/226526\/","title":{"rendered":"TDF. Tour de France &#8211; Didier Rous : \u00abPour l&rsquo;avenir, Emmanuel Hubert travaille beaucoup\u00bb"},"content":{"rendered":"<p>Cela fait partie de l&rsquo;actualit\u00e9 cycliste de ces derni\u00e8res semaines, l&rsquo;\u00e9quipe <strong><a href=\"https:\/\/www.cyclismactu.net\/..\/news-tour-de-france-route-kevin-vauquelin-arnaud-demare-selection-d-arkea-b-b-hotels-88637.html\" target=\"_blank\" rel=\"nofollow noopener\">Ark\u00e9a-B&amp;B H\u00f4tels <\/a><\/strong>se trouve dans une situation extr\u00eamement d\u00e9licate financi\u00e8rement. C&rsquo;est donc dans cette situation tr\u00e8s pr\u00e9caire que l&rsquo;\u00e9quipe bretonne va d\u00e9buter le 112e <strong>Tour de France <\/strong>avec tout de m\u00eame de belles cartes pour chercher des \u00e9tapes telles que <strong><a href=\"https:\/\/www.cyclismactu.net\/..\/news-tdf-route-tour-de-france-arnaud-demare-sur-un-sprint-tout-est-possible-88702.html\" target=\"_blank\" rel=\"nofollow noopener\">Arnaud D\u00e9mare<\/a> <\/strong>ou <strong>K\u00e9vin Vauquelin<\/strong>. C&rsquo;est avec cet esprit l\u00e0 que le directeur sportif de la formation bretonne,\u00a0<strong>Didier Rous<\/strong>,\u00a0a donn\u00e9 une conf\u00e9rence de presse ce vendredi afin d&rsquo;expliquer la strat\u00e9gie, les ambitions et la situation de son \u00e9quipe.<\/p>\n<p>Vid\u00e9o &#8211; Didier Rous et l&rsquo;\u00e9quipe Ark\u00e9a-B&amp;B Hotels avant le Tour  Lire la suite de l&rsquo;article&#13;<\/p>\n<p>\u00a0<\/p>\n<p>&#13;<br \/>\n\u00ab\u00a0On est capables de miser sur les sprints et sur les \u00e9chapp\u00e9es\u00a0\u00bb&#13;<\/p>\n<p>Dans un premier temps, <strong>Didier Rous <\/strong>a tenu \u00e0 clarifier la situation de l&rsquo;\u00e9quipe et d\u00e9finir pr\u00e9cisement les objectifs de son \u00e9quipe sur le <strong>Tour de France <\/strong>:\u00a0\u00ab\u00a0Pour ce qui est de l&rsquo;avenir de l&rsquo;\u00e9quipe, Emmanuel Hubert travaille beaucoup, nous on est derri\u00e8re lui, on lui fait confiance , on sait qu&rsquo;il travaille beaucoup et surtout on est l\u00e0 pour performer et essayer d&rsquo;\u00eatre les meilleurs possibles sur ce Tour et tout au long de l&rsquo;ann\u00e9e. On est tous solidaires et derri\u00e8re lui pour que les choses se passent au mieux. L&rsquo;objectif principal c&rsquo;est une victoire d&rsquo;\u00e9tape, on y a go\u00fbt\u00e9 l&rsquo;an pass\u00e9 donc on a envie d&rsquo;y rego\u00fbter une deuxi\u00e8me fois. C&rsquo;est pas pour les points UCI, c&rsquo;est pas pour le prestige, c&rsquo;est qu&rsquo;on court pour gagner des courses et on a fait deuxi\u00e8me d&rsquo;une \u00e9tape du Giro cette ann\u00e9e, l&rsquo;\u00e9tape reine, ce qui est d\u00e9j\u00e0 une performance en soi, mais aujourd&rsquo;hui les points UCI&#8230; oui et non, je pense qu&rsquo;il faut d\u00e9j\u00e0 \u00eatre performant, courir pour avoir le meilleur r\u00e9sultat possible et ensuite les points viennent avec. Les points sont la cons\u00e9quence de nos r\u00e9sultats, ce ne sont pas les points qui nous animent.<\/p>\n<p>&#13;<\/p>\n<p>Ensuite, le directeur sportif de la formation <strong>Ark\u00e9a-B&amp;B H\u00f4tels <\/strong>a confirmer vouloir jouer sur plusieurs tableaux, autant avec <strong>Arnaud D\u00e9mare <\/strong>qu&rsquo;avec <strong>K\u00e9vin Vauquelin\u00a0<\/strong>\u00a0:\u00a0\u00bbOn est capbles de miser sur les sprints et sur les \u00e9chapp\u00e9es. On a quelques coureurs qui sont capables d&rsquo;\u00eatre l\u00e0 pour aider Arnaud, sur les \u00e9tapes un peu plus vallonn\u00e9es et surtout pour les \u00e9chapp\u00e9es\u00a0 o\u00f9 on a aussi une \u00e9quipe bien arm\u00e9e et on l&rsquo;a construit pour \u00e7a. On a pas la m\u00eame \u00e9quipe autour d&rsquo;Arnaud que l&rsquo;ann\u00e9e pass\u00e9e, le Tour est fait diff\u00e9remment aussi, il y a beaucoup moins d&rsquo;arriv\u00e9es au sprint et beaucoup plus d&rsquo;arriv\u00e9es pour puncheurs o\u00f9 les \u00e9chapp\u00e9es peuvent aller au bout. C&rsquo;est pas \u00e9vident, parce que Arnaud a besoin de quelques mecs autour de lui, au moins un ou deux coureurs. On avait Thibault Guernalec qui \u00e9tait l\u00e0 \u00e0 la base qui est tomb\u00e9 aux championnats et qui aurait pu nous aider \u00e0 placer Arnaud. On a pris la d\u00e9cision de mettre Amaury Capiot, qui est assez polyvalent et qui peut aider Arnaud dans les sprints et aider K\u00e9vin. On a des gar\u00e7ons, Raul Garcia, Mathis Le Berre qui sont aussi capable de faire un travail d&rsquo;approche de sprints pour qu&rsquo;Amaury n&rsquo;ait pas \u00e0 faire d&rsquo;efforts trop t\u00f4t.<\/p>\n","protected":false},"excerpt":{"rendered":"Cela fait partie de l&rsquo;actualit\u00e9 cycliste de ces derni\u00e8res semaines, l&rsquo;\u00e9quipe Ark\u00e9a-B&amp;B H\u00f4tels se trouve dans une situation&hellip;\n","protected":false},"author":2,"featured_media":226527,"comment_status":"","ping_status":"","sticky":false,"template":"","format":"standard","meta":{"footnotes":""},"categories":[1411],"tags":[1154,207,211,1011,27,209,60,210,212,208,213],"class_list":{"0":"post-226526","1":"post","2":"type-post","3":"status-publish","4":"format-standard","5":"has-post-thumbnail","7":"category-cyclisme","8":"tag-cycling","9":"tag-cyclisme","10":"tag-ffc","11":"tag-fr","12":"tag-france","13":"tag-route","14":"tag-sports","15":"tag-tour-de-france","16":"tag-uci","17":"tag-velo","18":"tag-world-tour"},"share_on_mastodon":{"url":"https:\/\/pubeurope.com\/@fr\/114796985326337703","error":""},"_links":{"self":[{"href":"https:\/\/www.europesays.com\/fr\/wp-json\/wp\/v2\/posts\/226526","targetHints":{"allow":["GET"]}}],"collection":[{"href":"https:\/\/www.europesays.com\/fr\/wp-json\/wp\/v2\/posts"}],"about":[{"href":"https:\/\/www.europesays.com\/fr\/wp-json\/wp\/v2\/types\/post"}],"author":[{"embeddable":true,"href":"https:\/\/www.europesays.com\/fr\/wp-json\/wp\/v2\/users\/2"}],"replies":[{"embeddable":true,"href":"https:\/\/www.europesays.com\/fr\/wp-json\/wp\/v2\/comments?post=226526"}],"version-history":[{"count":0,"href":"https:\/\/www.europesays.com\/fr\/wp-json\/wp\/v2\/posts\/226526\/revisions"}],"wp:featuredmedia":[{"embeddable":true,"href":"https:\/\/www.europesays.com\/fr\/wp-json\/wp\/v2\/media\/226527"}],"wp:attachment":[{"href":"https:\/\/www.europesays.com\/fr\/wp-json\/wp\/v2\/media?parent=226526"}],"wp:term":[{"taxonomy":"category","embeddable":true,"href":"https:\/\/www.europesays.com\/fr\/wp-json\/wp\/v2\/categories?post=226526"},{"taxonomy":"post_tag","embeddable":true,"href":"https:\/\/www.europesays.com\/fr\/wp-json\/wp\/v2\/tags?post=226526"}],"curies":[{"name":"wp","href":"https:\/\/api.w.org\/{rel}","templated":true}]}}