{"id":226556,"date":"2025-07-04T21:17:23","date_gmt":"2025-07-04T21:17:23","guid":{"rendered":"https:\/\/www.europesays.com\/fr\/226556\/"},"modified":"2025-07-04T21:17:23","modified_gmt":"2025-07-04T21:17:23","slug":"la-baignade-autorisee-pour-le-debut-des-vacances","status":"publish","type":"post","link":"https:\/\/www.europesays.com\/fr\/226556\/","title":{"rendered":"la baignade autoris\u00e9e pour le d\u00e9but des vacances"},"content":{"rendered":"<p>Il sera possible de se baigner \u00e0 la base nautique de Saint-Victor-sur-Loire pour le d\u00e9but des vacances d&rsquo;\u00e9t\u00e9. \u00ab\u00a0Les derni\u00e8res analyses de l\u2019eau r\u00e9alis\u00e9es par l\u2019Agence r\u00e9gionale de sant\u00e9 ARS Auvergne-Rh\u00f4ne-Alpes indiquent une bonne qualit\u00e9 de l\u2019eau pour la baignade\u00a0\u00bb, annonce ce vendredi soir, le maire de Saint-Etienne, Ga\u00ebl Perdriau.<br \/>\u00a0<br \/>L&rsquo;autorisation est valable jusqu&rsquo;au 11 juillet et la r\u00e9alisation de nouvelles analyses. Le maire pr\u00e9cise que la baignade est surveill\u00e9e, dans la zone d\u00e9limit\u00e9e par la ligne d\u2019eau, durant toutes les vacances scolaires, tous les jours de midi \u00e0 18 heures.<\/p>\n","protected":false},"excerpt":{"rendered":"Il sera possible de se baigner \u00e0 la base nautique de Saint-Victor-sur-Loire pour le d\u00e9but des vacances d&rsquo;\u00e9t\u00e9.&hellip;\n","protected":false},"author":2,"featured_media":226557,"comment_status":"","ping_status":"","sticky":false,"template":"","format":"standard","meta":{"footnotes":""},"categories":[9653],"tags":[1111,11,2430,15109,2883,1777,674,1011,27,3367,12,25,4001,29878,2528],"class_list":{"0":"post-226556","1":"post","2":"type-post","3":"status-publish","4":"format-standard","5":"has-post-thumbnail","7":"category-saint-etienne","8":"tag-actu","9":"tag-actualites","10":"tag-auvergne-rhone-alpes","11":"tag-baignade","12":"tag-ete","13":"tag-eu","14":"tag-europe","15":"tag-fr","16":"tag-france","17":"tag-loire","18":"tag-news","19":"tag-republique-francaise","20":"tag-saint-etienne","21":"tag-saint-victor-sur-loire","22":"tag-vacances"},"share_on_mastodon":{"url":"https:\/\/pubeurope.com\/@fr\/114797048206789864","error":""},"_links":{"self":[{"href":"https:\/\/www.europesays.com\/fr\/wp-json\/wp\/v2\/posts\/226556","targetHints":{"allow":["GET"]}}],"collection":[{"href":"https:\/\/www.europesays.com\/fr\/wp-json\/wp\/v2\/posts"}],"about":[{"href":"https:\/\/www.europesays.com\/fr\/wp-json\/wp\/v2\/types\/post"}],"author":[{"embeddable":true,"href":"https:\/\/www.europesays.com\/fr\/wp-json\/wp\/v2\/users\/2"}],"replies":[{"embeddable":true,"href":"https:\/\/www.europesays.com\/fr\/wp-json\/wp\/v2\/comments?post=226556"}],"version-history":[{"count":0,"href":"https:\/\/www.europesays.com\/fr\/wp-json\/wp\/v2\/posts\/226556\/revisions"}],"wp:featuredmedia":[{"embeddable":true,"href":"https:\/\/www.europesays.com\/fr\/wp-json\/wp\/v2\/media\/226557"}],"wp:attachment":[{"href":"https:\/\/www.europesays.com\/fr\/wp-json\/wp\/v2\/media?parent=226556"}],"wp:term":[{"taxonomy":"category","embeddable":true,"href":"https:\/\/www.europesays.com\/fr\/wp-json\/wp\/v2\/categories?post=226556"},{"taxonomy":"post_tag","embeddable":true,"href":"https:\/\/www.europesays.com\/fr\/wp-json\/wp\/v2\/tags?post=226556"}],"curies":[{"name":"wp","href":"https:\/\/api.w.org\/{rel}","templated":true}]}}