{"id":226558,"date":"2025-07-04T21:18:12","date_gmt":"2025-07-04T21:18:12","guid":{"rendered":"https:\/\/www.europesays.com\/fr\/226558\/"},"modified":"2025-07-04T21:18:12","modified_gmt":"2025-07-04T21:18:12","slug":"saint-etienne-deux-hommes-interpelles-apres-une-tentative-de-vol-a-la-roulotte-en-centre-ville","status":"publish","type":"post","link":"https:\/\/www.europesays.com\/fr\/226558\/","title":{"rendered":"Saint-\u00c9tienne. Deux hommes interpell\u00e9s apr\u00e8s une tentative de vol \u00e0 la roulotte en centre-ville"},"content":{"rendered":"<p>Les vols \u00e0 la roulotte sont un v\u00e9ritable fl\u00e9au qui n\u2019\u00e9pargne pas la Loire, et en particulier la commune de Saint-Etienne. Mais cette fois-ci les voleurs n\u2019ont pas r\u00e9ussi \u00e0 mener leur projet \u00e0 bien.<\/p>\n<p>En effet, il \u00e9tait environ 4 heures du matin, ce jeudi 3\u00a0juillet, quand le commissariat de police de Saint-Etienne re\u00e7oit le signalement d\u2019un riverain de la rue Michelet, \u00e0 quelques encablures de l\u2019hyper centre. Ce dernier aper\u00e7oit de son domicile, deux individus en train de tourner de mani\u00e8re suspecte autour d\u2019un v\u00e9hicule en stationnement.<\/p>\n<p>  Rien n\u2019a \u00e9t\u00e9 vol\u00e9 dans le v\u00e9hicule<\/p>\n<p>Rapidement sur place, les \u00e9quipages de Police secours nuit et de la Brigade anticriminalit\u00e9 ne parviennent pas imm\u00e9diatement \u00e0 retrouver les deux hommes. Mais gr\u00e2ce \u00e0 la description pr\u00e9cise obtenue par les forces de l\u2019ordre, les deux individus vont finalement \u00eatre interpell\u00e9s un peu plus loin, rue Badouill\u00e8re. Les policiers ayant constat\u00e9 que le v\u00e9hicule vis\u00e9 dans un premier temps, avait vu la vitre c\u00f4t\u00e9 passager avant, bris\u00e9e.<\/p>\n<p>Les membres du duo, \u00e2g\u00e9s d\u2019une trentaine d\u2019ann\u00e9es, ont ensuite \u00e9t\u00e9 plac\u00e9s en garde \u00e0 vue. \u00c0 l\u2019issue, un seul a \u00e9t\u00e9 mis en cause et s\u2019est vu signifier une convocation devant le tribunal correctionnel de Saint-Etienne, o\u00f9 il devra r\u00e9pondre d\u2019une tentative de vol au cours des prochaines semaines. Aucun objet \u00e0 l\u2019int\u00e9rieur de l\u2019habitacle n\u2019a \u00e9t\u00e9 d\u00e9rob\u00e9.<\/p>\n","protected":false},"excerpt":{"rendered":"Les vols \u00e0 la roulotte sont un v\u00e9ritable fl\u00e9au qui n\u2019\u00e9pargne pas la Loire, et en particulier la&hellip;\n","protected":false},"author":2,"featured_media":226559,"comment_status":"","ping_status":"","sticky":false,"template":"","format":"standard","meta":{"footnotes":""},"categories":[9653],"tags":[1111,11,2430,271,272,7539,1777,674,274,1011,27,3367,12,25,4001,7538,104],"class_list":{"0":"post-226558","1":"post","2":"type-post","3":"status-publish","4":"format-standard","5":"has-post-thumbnail","7":"category-saint-etienne","8":"tag-actu","9":"tag-actualites","10":"tag-auvergne-rhone-alpes","11":"tag-crime","12":"tag-delit-et-contravention","13":"tag-edition-loire-sud","14":"tag-eu","15":"tag-europe","16":"tag-faits-divers-justice","17":"tag-fr","18":"tag-france","19":"tag-loire","20":"tag-news","21":"tag-republique-francaise","22":"tag-saint-etienne","23":"tag-saint-etienne-ville","24":"tag-societe"},"share_on_mastodon":{"url":"https:\/\/pubeurope.com\/@fr\/114797052300296207","error":""},"_links":{"self":[{"href":"https:\/\/www.europesays.com\/fr\/wp-json\/wp\/v2\/posts\/226558","targetHints":{"allow":["GET"]}}],"collection":[{"href":"https:\/\/www.europesays.com\/fr\/wp-json\/wp\/v2\/posts"}],"about":[{"href":"https:\/\/www.europesays.com\/fr\/wp-json\/wp\/v2\/types\/post"}],"author":[{"embeddable":true,"href":"https:\/\/www.europesays.com\/fr\/wp-json\/wp\/v2\/users\/2"}],"replies":[{"embeddable":true,"href":"https:\/\/www.europesays.com\/fr\/wp-json\/wp\/v2\/comments?post=226558"}],"version-history":[{"count":0,"href":"https:\/\/www.europesays.com\/fr\/wp-json\/wp\/v2\/posts\/226558\/revisions"}],"wp:featuredmedia":[{"embeddable":true,"href":"https:\/\/www.europesays.com\/fr\/wp-json\/wp\/v2\/media\/226559"}],"wp:attachment":[{"href":"https:\/\/www.europesays.com\/fr\/wp-json\/wp\/v2\/media?parent=226558"}],"wp:term":[{"taxonomy":"category","embeddable":true,"href":"https:\/\/www.europesays.com\/fr\/wp-json\/wp\/v2\/categories?post=226558"},{"taxonomy":"post_tag","embeddable":true,"href":"https:\/\/www.europesays.com\/fr\/wp-json\/wp\/v2\/tags?post=226558"}],"curies":[{"name":"wp","href":"https:\/\/api.w.org\/{rel}","templated":true}]}}