{"id":226572,"date":"2025-07-04T21:28:17","date_gmt":"2025-07-04T21:28:17","guid":{"rendered":"https:\/\/www.europesays.com\/fr\/226572\/"},"modified":"2025-07-04T21:28:17","modified_gmt":"2025-07-04T21:28:17","slug":"grenoble-bill-lacabine-raconte-le-telepherique","status":"publish","type":"post","link":"https:\/\/www.europesays.com\/fr\/226572\/","title":{"rendered":"Grenoble. Bill Lacabine raconte le t\u00e9l\u00e9ph\u00e9rique"},"content":{"rendered":"<p>Tous les mercredis, Bill Lacabine vous accompagne dans l\u2019histoire et la m\u00e9canique du t\u00e9l\u00e9ph\u00e9rique\u2026 Bill travaille au t\u00e9l\u00e9ph\u00e9rique de Grenoble depuis 1934\u00a0! D\u2019abord cabinier, puis agent de maintenance, il a connu les trois g\u00e9n\u00e9rations de cabines et conna\u00eet le t\u00e9l\u00e9ph\u00e9rique sur le bout des doigts. Il vous r\u00e9v\u00e9lera tous ses secrets.<\/p>\n<p class=\"note\">Visite guid\u00e9e tous les mercredis cet \u00e9t\u00e9 \u00e0 11 heures, \u00e0 14 heures et \u00e0 16 heures. Animation offerte sur pr\u00e9sentation d\u2019un ticket de t\u00e9l\u00e9ph\u00e9rique dat\u00e9 du jour.<\/p>\n","protected":false},"excerpt":{"rendered":"Tous les mercredis, Bill Lacabine vous accompagne dans l\u2019histoire et la m\u00e9canique du t\u00e9l\u00e9ph\u00e9rique\u2026 Bill travaille au t\u00e9l\u00e9ph\u00e9rique&hellip;\n","protected":false},"author":2,"featured_media":226573,"comment_status":"","ping_status":"","sticky":false,"template":"","format":"standard","meta":{"footnotes":""},"categories":[9566],"tags":[1111,11,2430,7782,1687,112,1777,674,1011,27,2731,2732,108,12,25],"class_list":{"0":"post-226572","1":"post","2":"type-post","3":"status-publish","4":"format-standard","5":"has-post-thumbnail","7":"category-grenoble","8":"tag-actu","9":"tag-actualites","10":"tag-auvergne-rhone-alpes","11":"tag-balades-et-randonnees","12":"tag-culture-loisirs","13":"tag-edition-grenoble-agglomeration","14":"tag-eu","15":"tag-europe","16":"tag-fr","17":"tag-france","18":"tag-grenoble","19":"tag-grenoble-bassin","20":"tag-isere","21":"tag-news","22":"tag-republique-francaise"},"share_on_mastodon":{"url":"https:\/\/pubeurope.com\/@fr\/114797091442668317","error":""},"_links":{"self":[{"href":"https:\/\/www.europesays.com\/fr\/wp-json\/wp\/v2\/posts\/226572","targetHints":{"allow":["GET"]}}],"collection":[{"href":"https:\/\/www.europesays.com\/fr\/wp-json\/wp\/v2\/posts"}],"about":[{"href":"https:\/\/www.europesays.com\/fr\/wp-json\/wp\/v2\/types\/post"}],"author":[{"embeddable":true,"href":"https:\/\/www.europesays.com\/fr\/wp-json\/wp\/v2\/users\/2"}],"replies":[{"embeddable":true,"href":"https:\/\/www.europesays.com\/fr\/wp-json\/wp\/v2\/comments?post=226572"}],"version-history":[{"count":0,"href":"https:\/\/www.europesays.com\/fr\/wp-json\/wp\/v2\/posts\/226572\/revisions"}],"wp:featuredmedia":[{"embeddable":true,"href":"https:\/\/www.europesays.com\/fr\/wp-json\/wp\/v2\/media\/226573"}],"wp:attachment":[{"href":"https:\/\/www.europesays.com\/fr\/wp-json\/wp\/v2\/media?parent=226572"}],"wp:term":[{"taxonomy":"category","embeddable":true,"href":"https:\/\/www.europesays.com\/fr\/wp-json\/wp\/v2\/categories?post=226572"},{"taxonomy":"post_tag","embeddable":true,"href":"https:\/\/www.europesays.com\/fr\/wp-json\/wp\/v2\/tags?post=226572"}],"curies":[{"name":"wp","href":"https:\/\/api.w.org\/{rel}","templated":true}]}}