{"id":226576,"date":"2025-07-04T21:30:35","date_gmt":"2025-07-04T21:30:35","guid":{"rendered":"https:\/\/www.europesays.com\/fr\/226576\/"},"modified":"2025-07-04T21:30:35","modified_gmt":"2025-07-04T21:30:35","slug":"le-raid-arrete-un-gendarme-apres-des-violences-intrafamiliales","status":"publish","type":"post","link":"https:\/\/www.europesays.com\/fr\/226576\/","title":{"rendered":"le Raid arr\u00eate un gendarme apr\u00e8s des violences intrafamiliales"},"content":{"rendered":"<p>            Par<br \/>\n        <strong><br \/>\n            <a href=\"https:\/\/actu.fr\/auteur\/thomassavalle-2\" title=\"Consulter tous les articles de Thomas Savalle\" rel=\"nofollow noopener\" target=\"_blank\">Thomas Savalle<\/a><br \/>\n        <\/strong><\/p>\n<p>        Publi\u00e9 le<\/p>\n<p>            4 juil. 2025 \u00e0 17h12        <\/p>\n<p><a href=\"https:\/\/actu.fr\/tag\/raid\" rel=\"nofollow noopener\" target=\"_blank\">Le Raid<\/a> a interpell\u00e9 un gendarme \u00e0 son domicile mercredi 2 juillet 2025. C\u2019est d\u2019abord les policiers de la Brigade anticriminalit\u00e9 (Bac) qui se sont rendus chez lui \u00e0 la Richardais pour \u00ab des violences intrafamiliales \u00bb, confirme une source au <a href=\"https:\/\/actu.fr\/le-pays-malouin\/\" rel=\"nofollow noopener\" target=\"_blank\">Pays Malouin<\/a>, d\u2019apr\u00e8s une information r\u00e9v\u00e9l\u00e9e par le quotidien <a href=\"https:\/\/www.ouest-france.fr\/bretagne\/la-richardais-35780\/pres-de-saint-malo-un-gendarme-en-garde-a-vue-interpelle-par-le-raid-a-son-domicile-4c72cac2-5828-11f0-bfe7-b5be353361db\" rel=\"nofollow noopener\" target=\"_blank\">Ouest-France<\/a>. Ce gendarme exerce sur l\u2019arrondissement de Saint-Malo.<\/p>\n<p>Alcoolis\u00e9 au moment des faits<\/p>\n<p class=\" wall-content\">Le militaire \u00e9tait alcoolis\u00e9 au moment des faits et avait gard\u00e9 son pistolet de service. Ce qui explique l\u2019intervention de l\u2019unit\u00e9 sp\u00e9ciale de la police. C\u2019est \u00ab\u00a0la proc\u00e9dure habituelle lorsque le suspect est dot\u00e9 d\u2019une arme\u00a0\u00bb, pr\u00e9cise le parquet de Saint-Brieuc.<\/p>\n<p>Le suspect d\u00e9f\u00e9r\u00e9 au parquet de Saint-Brieuc<\/p>\n<p class=\" wall-content\">Le Raid n\u2019a eu aucun mal \u00e0 l\u2019arr\u00eater \u00ab\u00a0apr\u00e8s une n\u00e9gociation \u00e0 l\u2019ext\u00e9rieur de l\u2019habitation\u00a0\u00bb, nous indique-t-on.<\/p>\n<p class=\" wall-content\">Sollicit\u00e9e, la compagnie de gendarmerie de Saint-Malo n\u2019a pas souhait\u00e9 communiquer \u00ab\u00a0\u00e0 ce stade\u00a0\u00bb.<\/p>\n<p class=\" wall-content\">Plac\u00e9 en garde \u00e0 vue, le suspect a \u00e9t\u00e9 d\u00e9f\u00e9r\u00e9 au parquet de <a href=\"https:\/\/actu.fr\/tag\/tribunal-de-saint-brieuc\" rel=\"nofollow noopener\" target=\"_blank\">Saint-Brieuc<\/a> vendredi 4 juillet 2025.<\/p>\n<p>Vid\u00e9os : en ce moment sur Actu<\/p>\n<p class=\" wall-content\">Suivez toute l\u2019actualit\u00e9 de vos villes et m\u00e9dias favoris en vous inscrivant \u00e0 <a href=\"https:\/\/moncompte.actu.fr\" title=\"D\u00e9couvez Mon Actu\" rel=\"nofollow noopener\" data-trk=\"{&quot;cta&quot;:{&quot;action&quot;:&quot;https:\\\/\\\/moncompte.actu.fr&quot;,&quot;category&quot;:&quot;mon compte&quot;,&quot;from&quot;:&quot;article footer&quot;,&quot;name&quot;:&quot;Mon actu&quot;,&quot;type&quot;:&quot;cta&quot;}}\" target=\"_blank\">Mon Actu<\/a>.<\/p>\n","protected":false},"excerpt":{"rendered":"Par Thomas Savalle Publi\u00e9 le 4 juil. 2025 \u00e0 17h12 Le Raid a interpell\u00e9 un gendarme \u00e0 son&hellip;\n","protected":false},"author":2,"featured_media":226577,"comment_status":"","ping_status":"","sticky":false,"template":"","format":"standard","meta":{"footnotes":""},"categories":[2821],"tags":[1111,11,829,1777,674,118,1011,27,3381,12,1072,8989,584,25],"class_list":{"0":"post-226576","1":"post","2":"type-post","3":"status-publish","4":"format-standard","5":"has-post-thumbnail","7":"category-rennes","8":"tag-actu","9":"tag-actualites","10":"tag-bretagne","11":"tag-eu","12":"tag-europe","13":"tag-faits-divers","14":"tag-fr","15":"tag-france","16":"tag-gendarmerie","17":"tag-news","18":"tag-police","19":"tag-raid","20":"tag-rennes","21":"tag-republique-francaise"},"share_on_mastodon":{"url":"https:\/\/pubeurope.com\/@fr\/114797099289837821","error":""},"_links":{"self":[{"href":"https:\/\/www.europesays.com\/fr\/wp-json\/wp\/v2\/posts\/226576","targetHints":{"allow":["GET"]}}],"collection":[{"href":"https:\/\/www.europesays.com\/fr\/wp-json\/wp\/v2\/posts"}],"about":[{"href":"https:\/\/www.europesays.com\/fr\/wp-json\/wp\/v2\/types\/post"}],"author":[{"embeddable":true,"href":"https:\/\/www.europesays.com\/fr\/wp-json\/wp\/v2\/users\/2"}],"replies":[{"embeddable":true,"href":"https:\/\/www.europesays.com\/fr\/wp-json\/wp\/v2\/comments?post=226576"}],"version-history":[{"count":0,"href":"https:\/\/www.europesays.com\/fr\/wp-json\/wp\/v2\/posts\/226576\/revisions"}],"wp:featuredmedia":[{"embeddable":true,"href":"https:\/\/www.europesays.com\/fr\/wp-json\/wp\/v2\/media\/226577"}],"wp:attachment":[{"href":"https:\/\/www.europesays.com\/fr\/wp-json\/wp\/v2\/media?parent=226576"}],"wp:term":[{"taxonomy":"category","embeddable":true,"href":"https:\/\/www.europesays.com\/fr\/wp-json\/wp\/v2\/categories?post=226576"},{"taxonomy":"post_tag","embeddable":true,"href":"https:\/\/www.europesays.com\/fr\/wp-json\/wp\/v2\/tags?post=226576"}],"curies":[{"name":"wp","href":"https:\/\/api.w.org\/{rel}","templated":true}]}}