{"id":226604,"date":"2025-07-04T21:45:14","date_gmt":"2025-07-04T21:45:14","guid":{"rendered":"https:\/\/www.europesays.com\/fr\/226604\/"},"modified":"2025-07-04T21:45:14","modified_gmt":"2025-07-04T21:45:14","slug":"un-ancien-de-manchester-united-a-marseille-france-marseille","status":"publish","type":"post","link":"https:\/\/www.europesays.com\/fr\/226604\/","title":{"rendered":"Un ancien de Manchester United \u00e0 Marseille &#8211; France &#8211; Marseille"},"content":{"rendered":"<p><a target=\"_blank\" href=\"https:\/\/www.sofoot.com\/breves\/mercato-lom-en-pince-pour-angel-gomes-losc\" rel=\"nofollow noopener\">Cela faisait un moment<\/a> que l\u2019affaire \u00e9tait dans les tuyaux.<\/p>\n<p>Alors qu\u2019<a target=\"_blank\" href=\"https:\/\/www.sofoot.com\/breves\/angel-gomes-annonce-son-depart-du-losc\" rel=\"nofollow noopener\">il avait d\u00e9j\u00e0 annonc\u00e9 son d\u00e9part de Lille<\/a> et que <a target=\"_blank\" href=\"https:\/\/www.sofoot.com\/breves\/mercato-angel-gomes-arrive-a-lom\" rel=\"nofollow noopener\">son arriv\u00e9e \u00e0 l\u2019Olympique de Marseille<\/a> ne repr\u00e9sentait pas un secret, <strong>Angel Gomes s\u2019est officiellement engag\u00e9 en faveur du club phoc\u00e9en<\/strong> ce vendredi soir. Le milieu de terrain, ex de Manchester United, \u00e9tait libre.<\/p>\n<blockquote class=\"twitter-tweet-lazy\" data-width=\"500\" data-dnt=\"true\">\n<p lang=\"fr\" dir=\"ltr\">\ud835\udc00\ud835\udc27\ud835\udc20\ud835\udc1e\ud835\udc25 \ud835\udc06\ud835\udc28\ud835\udc26\ud835\udc1e\ud835\udc2c en \ud83d\udd35\u26aa\ufe0f<\/p>\n<p>Le milieu de terrain \ud83c\udff4\udb40\udc67\udb40\udc62\udb40\udc65\udb40\udc6e\udb40\udc67\udb40\udc7f est \ud835\udc28\ud835\udc1f\ud835\udc1f\ud835\udc22\ud835\udc1c\ud835\udc22\ud835\udc1e\ud835\udc25\ud835\udc25\ud835\udc1e\ud835\udc26\ud835\udc1e\ud835\udc27\ud835\udc2d \ud835\udc0c\ud835\udc1a\ud835\udc2b\ud835\udc2c\ud835\udc1e\ud835\udc22\ud835\udc25\ud835\udc25\ud835\udc1a\ud835\udc22\ud835\udc2c \ud83d\udd25 <a target=\"_blank\" href=\"https:\/\/t.co\/cYw741QITR\" rel=\"nofollow\">pic.twitter.com\/cYw741QITR<\/a><\/p>\n<p>\u2014 Olympique de Marseille (@OM_Officiel) <a target=\"_blank\" href=\"https:\/\/twitter.com\/OM_Officiel\/status\/1941206653694833048?ref_src=twsrc%5Etfw\" rel=\"nofollow noopener\">July 4, 2025<\/a><\/p>\n<\/blockquote>\n<p>\u00c2g\u00e9 de 24 ans, le nouveau joueur de l\u2019OM a \u00e9volu\u00e9 quatre saisons sous le maillot du Losc. <strong>Son contrat court d\u00e9sormais jusqu\u2019en juin 2028<\/strong>, et l\u2019international anglais (quatre s\u00e9lections au compteur) esp\u00e8re retrouver les Three Lions bien avant cette date.<\/p>\n<p>Content, Roberto De Zerbi ?<\/p>\n<p>\t\t\t\t\t\t\t\t\t\t<a class=\"lien-connexe\" href=\"https:\/\/www.sofoot.com\/articles\/transfert-facundo-medina-a-lom-folie-a-deux\" rel=\"nofollow noopener\" target=\"_blank\">OM-Medina\u202f: folie \u00e0 deux<\/a>\t\t\t\t\t<script async src=\"https:\/\/platform.twitter.com\/widgets.js\" charset=\"utf-8\"><\/script><\/p>\n","protected":false},"excerpt":{"rendered":"Cela faisait un moment que l\u2019affaire \u00e9tait dans les tuyaux. Alors qu\u2019il avait d\u00e9j\u00e0 annonc\u00e9 son d\u00e9part de&hellip;\n","protected":false},"author":2,"featured_media":226605,"comment_status":"","ping_status":"","sticky":false,"template":"","format":"standard","meta":{"footnotes":""},"categories":[2814],"tags":[1111,47,11,61,69,65,64,1777,674,63,1011,27,68,66,884,12,62,70,882,25,67],"class_list":{"0":"post-226604","1":"post","2":"type-post","3":"status-publish","4":"format-standard","5":"has-post-thumbnail","7":"category-marseille","8":"tag-actu","9":"tag-actualite","10":"tag-actualites","11":"tag-actus-football","12":"tag-bundesliga","13":"tag-championnats-europeens","14":"tag-equipe-de-france","15":"tag-eu","16":"tag-europe","17":"tag-football","18":"tag-fr","19":"tag-france","20":"tag-ligua","21":"tag-ligue-1","22":"tag-marseille","23":"tag-news","24":"tag-news-foot","25":"tag-premier-league","26":"tag-provence-alpes-cote-dazur","27":"tag-republique-francaise","28":"tag-serie-a"},"share_on_mastodon":{"url":"https:\/\/pubeurope.com\/@fr\/114797158253819575","error":""},"_links":{"self":[{"href":"https:\/\/www.europesays.com\/fr\/wp-json\/wp\/v2\/posts\/226604","targetHints":{"allow":["GET"]}}],"collection":[{"href":"https:\/\/www.europesays.com\/fr\/wp-json\/wp\/v2\/posts"}],"about":[{"href":"https:\/\/www.europesays.com\/fr\/wp-json\/wp\/v2\/types\/post"}],"author":[{"embeddable":true,"href":"https:\/\/www.europesays.com\/fr\/wp-json\/wp\/v2\/users\/2"}],"replies":[{"embeddable":true,"href":"https:\/\/www.europesays.com\/fr\/wp-json\/wp\/v2\/comments?post=226604"}],"version-history":[{"count":0,"href":"https:\/\/www.europesays.com\/fr\/wp-json\/wp\/v2\/posts\/226604\/revisions"}],"wp:featuredmedia":[{"embeddable":true,"href":"https:\/\/www.europesays.com\/fr\/wp-json\/wp\/v2\/media\/226605"}],"wp:attachment":[{"href":"https:\/\/www.europesays.com\/fr\/wp-json\/wp\/v2\/media?parent=226604"}],"wp:term":[{"taxonomy":"category","embeddable":true,"href":"https:\/\/www.europesays.com\/fr\/wp-json\/wp\/v2\/categories?post=226604"},{"taxonomy":"post_tag","embeddable":true,"href":"https:\/\/www.europesays.com\/fr\/wp-json\/wp\/v2\/tags?post=226604"}],"curies":[{"name":"wp","href":"https:\/\/api.w.org\/{rel}","templated":true}]}}