{"id":226606,"date":"2025-07-04T21:46:11","date_gmt":"2025-07-04T21:46:11","guid":{"rendered":"https:\/\/www.europesays.com\/fr\/226606\/"},"modified":"2025-07-04T21:46:11","modified_gmt":"2025-07-04T21:46:11","slug":"apres-deux-mois-sans-terrasse-ce-restaurant-de-villeurbanne-a-ferme","status":"publish","type":"post","link":"https:\/\/www.europesays.com\/fr\/226606\/","title":{"rendered":"apr\u00e8s deux mois sans terrasse, ce restaurant de Villeurbanne a ferm\u00e9"},"content":{"rendered":"<p>La discr\u00e8te petite \u00e9choppe de l\u2019avenue Henri-Barbusse, art\u00e8re commer\u00e7ante qui m\u00e8ne \u00e0 la mairie de Villeurbanne, affiche porte close depuis lundi 9\u00a0juin. Ce restaurant de poulet frit doit d\u00e9sormais d\u00e9poser le bilan. La faute, selon son propri\u00e9taire, \u00e0 un probl\u00e8me d\u2019autorisation de terrasse.<\/p>\n<p>Une terrasse de 30 places ferm\u00e9e subitement \u00ab\u00a0en plein service\u00a0\u00bb<\/p>\n<p>En avril dernier, la police municipale surgit et indique aux g\u00e9rants du restaurant qu\u2019ils n\u2019ont pas d\u2019autorisation de terrasse.\u00a0Les policiers leur demandent de tout ranger. \u00ab\u00a0Nous \u00e9tions en plein service, s\u2019agace Julien Vermeille.\u00a0On nous a trait\u00e9s comme des vendeurs \u00e0&#8230;<\/p>\n","protected":false},"excerpt":{"rendered":"La discr\u00e8te petite \u00e9choppe de l\u2019avenue Henri-Barbusse, art\u00e8re commer\u00e7ante qui m\u00e8ne \u00e0 la mairie de Villeurbanne, affiche porte&hellip;\n","protected":false},"author":2,"featured_media":226607,"comment_status":"","ping_status":"","sticky":false,"template":"","format":"standard","meta":{"footnotes":""},"categories":[1889],"tags":[1111,11,2430,4749,4406,33,2757,1777,674,1011,27,2428,12,25,2429,216,6345,6346],"class_list":{"0":"post-226606","1":"post","2":"type-post","3":"status-publish","4":"format-standard","5":"has-post-thumbnail","7":"category-lyon","8":"tag-actu","9":"tag-actualites","10":"tag-auvergne-rhone-alpes","11":"tag-btp-et-chantiers","12":"tag-commerce-et-services","13":"tag-economie","14":"tag-edition-lyon-villeurbanne","15":"tag-eu","16":"tag-europe","17":"tag-fr","18":"tag-france","19":"tag-lyon","20":"tag-news","21":"tag-republique-francaise","22":"tag-rhone","23":"tag-vie-des-entreprises","24":"tag-villeurbanne","25":"tag-villeurbanne-bassin"},"share_on_mastodon":{"url":"","error":""},"_links":{"self":[{"href":"https:\/\/www.europesays.com\/fr\/wp-json\/wp\/v2\/posts\/226606","targetHints":{"allow":["GET"]}}],"collection":[{"href":"https:\/\/www.europesays.com\/fr\/wp-json\/wp\/v2\/posts"}],"about":[{"href":"https:\/\/www.europesays.com\/fr\/wp-json\/wp\/v2\/types\/post"}],"author":[{"embeddable":true,"href":"https:\/\/www.europesays.com\/fr\/wp-json\/wp\/v2\/users\/2"}],"replies":[{"embeddable":true,"href":"https:\/\/www.europesays.com\/fr\/wp-json\/wp\/v2\/comments?post=226606"}],"version-history":[{"count":0,"href":"https:\/\/www.europesays.com\/fr\/wp-json\/wp\/v2\/posts\/226606\/revisions"}],"wp:featuredmedia":[{"embeddable":true,"href":"https:\/\/www.europesays.com\/fr\/wp-json\/wp\/v2\/media\/226607"}],"wp:attachment":[{"href":"https:\/\/www.europesays.com\/fr\/wp-json\/wp\/v2\/media?parent=226606"}],"wp:term":[{"taxonomy":"category","embeddable":true,"href":"https:\/\/www.europesays.com\/fr\/wp-json\/wp\/v2\/categories?post=226606"},{"taxonomy":"post_tag","embeddable":true,"href":"https:\/\/www.europesays.com\/fr\/wp-json\/wp\/v2\/tags?post=226606"}],"curies":[{"name":"wp","href":"https:\/\/api.w.org\/{rel}","templated":true}]}}