{"id":226612,"date":"2025-07-04T21:50:13","date_gmt":"2025-07-04T21:50:13","guid":{"rendered":"https:\/\/www.europesays.com\/fr\/226612\/"},"modified":"2025-07-04T21:50:13","modified_gmt":"2025-07-04T21:50:13","slug":"baignade-dans-la-seine-a-paris-a-quelle-temperature-est-leau-du-fleuve","status":"publish","type":"post","link":"https:\/\/www.europesays.com\/fr\/226612\/","title":{"rendered":"Baignade dans la Seine \u00e0 Paris\u00a0: \u00e0 quelle temp\u00e9rature est l\u2019eau du fleuve\u00a0?"},"content":{"rendered":"<p class=\"paragraph text_align_left lp-f-body-02\">Une bonne nouvelle pour ceux qui voudront profiter de la baignade <a href=\"https:\/\/www.leparisien.fr\/paris-75\/baignade-dans-la-seine-a-paris-avec-la-canicule-difficile-de-lutter-contre-les-plongeons-interdits-29-06-2025-5SO4RZ6MPZBRDNE4B6BDHKQYIY.php\" target=\"_blank\" rel=\"noreferrer nofollow noopener\">dans la Seine<\/a>, r\u00e9autoris\u00e9e \u00e0 partir de ce samedi 5\u00a0juillet \u00e0 Paris, sur trois sites de baignade \u2014 plus de 100\u00a0ans apr\u00e8s son interdiction \u2014 mais une moins bonne nouvelle pour l\u2019environnement.<\/p>\n<p class=\"paragraph text_align_left lp-f-body-02\">L\u2019eau de la Seine pointe \u00e0 Paris \u00e0 26,5\u00a0\u00b0C, selon un bilan r\u00e9alis\u00e9 ce vendredi 4\u00a0juillet par le Syndicat interd\u00e9partemental pour l\u2019assainissement de l\u2019agglom\u00e9ration parisienne (<a href=\"https:\/\/www.leparisien.fr\/val-de-marne-94\/baignade-dans-la-seine-et-la-marne-le-siaap-accelere-sur-la-depollution-de-leau-avant-les-jo-2024-12-07-2023-2URUYYYG5FFORBULBINFKHLSCE.php\" target=\"_blank\" rel=\"noreferrer nofollow noopener\">SIAAP<\/a>). Le d\u00e9bit, \u00e0 87\u00a0m3\/s, est inf\u00e9rieur \u00e0 la moyenne en \u00e9t\u00e9.<\/p>\n<p class=\"title-embed-dailymotion lp-color-text lp-f-subtitle-04\">Vid\u00e9oParis : voici les trois sites o\u00f9 vous pourrez vous baigner dans la Seine en 2025<\/p>\n<p class=\"paragraph text_align_left lp-f-body-02\">Le SIAAP fait un lien entre ces degr\u00e9s et les fortes chaleurs. \u00ab\u00a0La canicule actuelle contribue \u00e0 fragiliser la Seine et la Marne. En effet, elle augmente la temp\u00e9rature de l\u2019eau et r\u00e9duit les d\u00e9bits\u00a0\u00bb, explique-t-il, sur son site <a href=\"https:\/\/www.siaap.fr\/presse-publications\/publications\/detail\/actualites\/canicule-les-actions-du-siaap-pour-preserver-le-milieu-naturel\/\" target=\"_blank\" rel=\"noreferrer nofollow noopener\">Internet<\/a>.<\/p>\n<p class=\"paragraph text_align_left lp-f-body-02\">\u00ab\u00a0Les temp\u00e9ratures actuelles sont tr\u00e8s \u00e9lev\u00e9es\u00a0\u00bb, d\u00e9clare le syndicat au Parisien, avant de nuancer\u00a0: \u00ab\u00a0Par exp\u00e9rience, on observe que durant les \u00e9t\u00e9s les plus chauds, la temp\u00e9rature de la Seine d\u00e9passe les 25\u00a0\u00b0C pendant 5 \u00e0 20 jours.\u00a0\u00bb<\/p>\n<p>La qualit\u00e9 de la Seine surveill\u00e9e gr\u00e2ce \u00e0 des capteurs<\/p>\n<p class=\"paragraph text_align_left lp-f-body-02\">Le service public de l\u2019assainissement en \u00cele-de-France, qui pr\u00e9cise \u00ab\u00a0ne pas \u00eatre en charge de la Seine, mais que sa mission consiste \u00e0 nettoyer les eaux us\u00e9es de 9\u00a0millions de Franciliens\u00a0\u00bb, r\u00e9alise ce bilan de la qualit\u00e9 de l\u2019eau du fleuve \u00e0 l\u2019aide \u00ab\u00a0des capteurs de l\u2019observatoire <a href=\"https:\/\/www.siaap.fr\/glossaire\/lexique\/M\/#c102\" target=\"_blank\" rel=\"nofollow noopener\">MeSeine<\/a>\u00a0\u00bb.<\/p>\n<p class=\"paragraph text_align_left lp-f-body-02\">Ce dernier suit la qualit\u00e9 de la Seine et de ses affluents en \u00cele-de-France, sur pr\u00e8s de 135\u00a0km du fleuve et 13\u00a0km de la Marne, \u00ab\u00a0en termes de physico-chimie, bact\u00e9riologie, microcontamination et diversit\u00e9 faunistique\u00a0\u00bb.<\/p>\n<p class=\"paragraph text_align_left lp-f-body-02\">Dans le d\u00e9tail, l\u2019observatoire est compos\u00e9 de neuf stations de mesures en temps r\u00e9el, mais aussi de 13 sites de pr\u00e9l\u00e8vements. \u00ab\u00a0La temp\u00e9rature est mesur\u00e9e en continu de mani\u00e8re concomitante avec la mesure d\u2019oxyg\u00e8ne dissout par des sondes situ\u00e9es sur les neuf stations de l\u2019observatoire MeSeine. Les donn\u00e9es sont remont\u00e9es au niveau central de l\u2019Observatoire du SIAAP \u00e0 Colombes o\u00f9 elles sont analys\u00e9es afin d\u2019avoir une \u00e9valuation permanente du niveau d\u2019a\u00e9ration de la rivi\u00e8re\u00a0\u00bb, ajoute le SIAAP au Parisien.<\/p>\n<p class=\"paragraph text_align_left lp-f-body-02\">Ces temp\u00e9ratures, situ\u00e9es au-dessus des 20\u00a0\u00b0C, devraient donc ravir les baigneurs qui pourront \u00e0 partir de ce samedi 5\u00a0juillet nager dans <a href=\"https:\/\/www.leparisien.fr\/culture-loisirs\/sortir-region-parisienne\/vacances-dete-a-paris-les-nouveaux-spots-de-baignade-dans-la-seine-03-07-2025-INJZ3YBMTBCE5DA3MYPVIR6NII.php\" target=\"_blank\" rel=\"nofollow noopener\">trois sites autoris\u00e9s<\/a>\u00a0: le bras Marie (IVe\u00a0arrondissement), Grenelle (XVe, ouest) et Bercy (XIIe, est). Comme sur les plages, un syst\u00e8me de drapeaux \u2014 vert, jaune et rouge \u2014 permettra de conna\u00eetre le d\u00e9bit de la Seine et la qualit\u00e9 de l\u2019eau.<\/p>\n<p><img decoding=\"async\" class=\"image \" loading=\"lazy\" src=\"https:\/\/www.europesays.com\/fr\/wp-content\/uploads\/2025\/07\/NYTCRADUMBGM5IRM6BU6VUVPZM.jpg\" alt=\"\" align=\"\" data-rubrique-principale=\"\" data-article-type=\"\" fetchpriority=\"auto\"\/><\/p>\n<p class=\"paragraph text_align_left lp-f-body-02\">Un autre fleuve fran\u00e7ais est aussi victime des chaleurs caniculaires. Dans le Sud, la temp\u00e9rature de la Garonne est mont\u00e9e jusqu\u2019\u00e0 28\u00a0\u00b0C, obligeant EDF \u00e0 stopper un des deux r\u00e9acteurs de la centrale nucl\u00e9aire de Golfech (Tarn-et-Garonne). Cette derni\u00e8re <a href=\"https:\/\/www.leparisien.fr\/societe\/chaleur-secheresse-5-minutes-pour-comprendre-les-effets-de-la-canicule-sur-la-production-delectricite-18-07-2022-FJ6E5BF3GBCZXHUPFPCYA3RMVQ.php\" target=\"_blank\" rel=\"noreferrer nofollow noopener\">pr\u00e9l\u00e8ve de l\u2019eau dans le fleuve pour assurer le refroidissement de ses unit\u00e9s de production<\/a>, avant de la rejeter dans le m\u00eame cours d\u2019eau (le r\u00e9chauffant encore un peu plus).<\/p>\n<p class=\"paragraph text_align_left lp-f-body-02\">Mercredi, la Garonne avait atteint sa cote d\u2019alerte et des l\u00e2chers d\u2019eau \u00e9taient imminents pour soutenir le d\u00e9bit du fleuve.<\/p>\n<p class=\"paragraph text_align_left lp-f-body-02\">Mais les temp\u00e9ratures des fleuves ne sont pas les seules qui inqui\u00e8tent. Le week-end dernier, la mer M\u00e9diterran\u00e9e a enregistr\u00e9 un triste record pour un mois de juin avec <a href=\"https:\/\/www.leparisien.fr\/environnement\/climat\/des-temperatures-enormes-avec-2601-c-la-mer-mediterranee-a-enregistre-un-record-pour-un-mois-de-juin-01-07-2025-YSXJKWDBNFAWLJOXNHL7OJWMR4.php\" target=\"_blank\" rel=\"noreferrer nofollow noopener\">une temp\u00e9rature de surface de 26,01\u00a0\u00b0C en moyenne<\/a>, selon des donn\u00e9es du programme europ\u00e9en Copernicus analys\u00e9es par M\u00e9t\u00e9o-France.<\/p>\n<p class=\"paragraph text_align_left lp-f-body-02\">\u00ab\u00a0De l\u2019eau \u00e0 29\u00a0\u00b0C sur la plage de Cap Rousset, d\u00e9but juillet, c\u2019est du jamais-vu. C\u2019est un ph\u00e9nom\u00e8ne qu\u2019on a plus souvent fin juillet, d\u00e9but ao\u00fbt\u00a0\u00bb, relevait Marie Bravo-Monin, directrice du parc marin de la C\u00f4te bleue, au nord de Marseille. En profondeur aussi, l\u2019eau dans ce parc est de plus en plus chaude\u00a0: en 2024, la temp\u00e9rature \u00e0 12 m\u00e8tres de profondeur est mont\u00e9e jusqu\u2019\u00e0 26,7\u00a0\u00b0C et m\u00eame \u00e0 presque 28\u00a0\u00b0C en 2022. M\u00eame l\u2019hiver, la temp\u00e9rature a augment\u00e9 en moyenne de 2\u00a0\u00b0C en 14\u00a0ans.<\/p>\n","protected":false},"excerpt":{"rendered":"Une bonne nouvelle pour ceux qui voudront profiter de la baignade dans la Seine, r\u00e9autoris\u00e9e \u00e0 partir de&hellip;\n","protected":false},"author":2,"featured_media":226613,"comment_status":"","ping_status":"","sticky":false,"template":"","format":"standard","meta":{"footnotes":""},"categories":[1888],"tags":[1111,1928,11,1927,436,1777,674,1011,27,12,1926,626,1925,25],"class_list":{"0":"post-226612","1":"post","2":"type-post","3":"status-publish","4":"format-standard","5":"has-post-thumbnail","7":"category-paris","8":"tag-actu","9":"tag-actu-paris","10":"tag-actualites","11":"tag-actualites-paris","12":"tag-environnement","13":"tag-eu","14":"tag-europe","15":"tag-fr","16":"tag-france","17":"tag-news","18":"tag-news-paris","19":"tag-paris","20":"tag-paris-news","21":"tag-republique-francaise"},"share_on_mastodon":{"url":"https:\/\/pubeurope.com\/@fr\/114797178103566384","error":""},"_links":{"self":[{"href":"https:\/\/www.europesays.com\/fr\/wp-json\/wp\/v2\/posts\/226612","targetHints":{"allow":["GET"]}}],"collection":[{"href":"https:\/\/www.europesays.com\/fr\/wp-json\/wp\/v2\/posts"}],"about":[{"href":"https:\/\/www.europesays.com\/fr\/wp-json\/wp\/v2\/types\/post"}],"author":[{"embeddable":true,"href":"https:\/\/www.europesays.com\/fr\/wp-json\/wp\/v2\/users\/2"}],"replies":[{"embeddable":true,"href":"https:\/\/www.europesays.com\/fr\/wp-json\/wp\/v2\/comments?post=226612"}],"version-history":[{"count":0,"href":"https:\/\/www.europesays.com\/fr\/wp-json\/wp\/v2\/posts\/226612\/revisions"}],"wp:featuredmedia":[{"embeddable":true,"href":"https:\/\/www.europesays.com\/fr\/wp-json\/wp\/v2\/media\/226613"}],"wp:attachment":[{"href":"https:\/\/www.europesays.com\/fr\/wp-json\/wp\/v2\/media?parent=226612"}],"wp:term":[{"taxonomy":"category","embeddable":true,"href":"https:\/\/www.europesays.com\/fr\/wp-json\/wp\/v2\/categories?post=226612"},{"taxonomy":"post_tag","embeddable":true,"href":"https:\/\/www.europesays.com\/fr\/wp-json\/wp\/v2\/tags?post=226612"}],"curies":[{"name":"wp","href":"https:\/\/api.w.org\/{rel}","templated":true}]}}