{"id":22662,"date":"2025-04-13T17:01:11","date_gmt":"2025-04-13T17:01:11","guid":{"rendered":"https:\/\/www.europesays.com\/fr\/22662\/"},"modified":"2025-04-13T17:01:11","modified_gmt":"2025-04-13T17:01:11","slug":"fissures-a-la-maison-blanche","status":"publish","type":"post","link":"https:\/\/www.europesays.com\/fr\/22662\/","title":{"rendered":"fissures \u00e0 la Maison Blanche"},"content":{"rendered":"<p>Apr\u00e8s 83 jours \u00e0 la <a href=\"https:\/\/www.latribune.fr\/idees\/tribunes\/opinion-la-liberation-selon-donald-trump-michel-santi-1021790.html\" target=\"_blank\" rel=\"noopener\">Maison Blanche<\/a>, le pouvoir incontest\u00e9 de Donald Trump ne vacille pas encore. Il semble m\u00eame pr\u00e9muni gr\u00e2ce \u00e0 la surprenante servilit\u00e9 des institutions f\u00e9d\u00e9rales, min\u00e9es de l&rsquo;int\u00e9rieur par une boule de d\u00e9molition appel\u00e9e DOGE, le \u00ab bureau de l&rsquo;efficacit\u00e9 gouvernementale \u00bb dirig\u00e9 par <a href=\"https:\/\/www.latribune.fr\/technos-medias\/quand-elon-musk-s-installe-a-la-maison-blanche-via-starlink-1021393.html\" target=\"_blank\" rel=\"noopener\">le milliardaire Elon Musk<\/a>.<\/p>\n<p>Mais les premi\u00e8res l\u00e9zardes apparaissent dans la carapace. Lorsqu&rsquo;il tweete mercredi \u00ab Restez cool ! \u00bb sur son r\u00e9seau Truth Social, le message s&rsquo;adresse aux investisseurs et \u00e0 ses compatriotes, affol\u00e9s par <a href=\"https:\/\/www.latribune.fr\/la-tribune-dimanche\/opinions\/l-edito-de-bruno-jeudy-guerre-commerciale-la-valse-des-pantins-1022740.html\" target=\"_blank\" rel=\"noopener\">la guerre commerciale<\/a> d\u00e9clar\u00e9e au reste du monde lors du \u00ab jour de lib\u00e9ration \u00bb, une semaine plus t\u00f4t. Mais il cible \u00e9galement les voix dissonantes \u00e0 l&rsquo;int\u00e9rieur du camp pr\u00e9sidentiel, dont l&rsquo;\u00e9cho s&rsquo;amplifie.<\/p>\n","protected":false},"excerpt":{"rendered":"Apr\u00e8s 83 jours \u00e0 la Maison Blanche, le pouvoir incontest\u00e9 de Donald Trump ne vacille pas encore. Il&hellip;\n","protected":false},"author":2,"featured_media":22663,"comment_status":"","ping_status":"","sticky":false,"template":"","format":"standard","meta":{"footnotes":""},"categories":[2],"tags":[17,11,8386,8385,1011,27,3102,2142,12,979,467],"class_list":{"0":"post-22662","1":"post","2":"type-post","3":"status-publish","4":"format-standard","5":"has-post-thumbnail","7":"category-actualites","8":"tag-17","9":"tag-actualites","10":"tag-blanche","11":"tag-fissures","12":"tag-fr","13":"tag-france","14":"tag-la-tribune-dimanche","15":"tag-maison","16":"tag-news","17":"tag-taxes","18":"tag-trump"},"share_on_mastodon":{"url":"https:\/\/pubeurope.com\/@fr\/114331732083810243","error":""},"_links":{"self":[{"href":"https:\/\/www.europesays.com\/fr\/wp-json\/wp\/v2\/posts\/22662","targetHints":{"allow":["GET"]}}],"collection":[{"href":"https:\/\/www.europesays.com\/fr\/wp-json\/wp\/v2\/posts"}],"about":[{"href":"https:\/\/www.europesays.com\/fr\/wp-json\/wp\/v2\/types\/post"}],"author":[{"embeddable":true,"href":"https:\/\/www.europesays.com\/fr\/wp-json\/wp\/v2\/users\/2"}],"replies":[{"embeddable":true,"href":"https:\/\/www.europesays.com\/fr\/wp-json\/wp\/v2\/comments?post=22662"}],"version-history":[{"count":0,"href":"https:\/\/www.europesays.com\/fr\/wp-json\/wp\/v2\/posts\/22662\/revisions"}],"wp:featuredmedia":[{"embeddable":true,"href":"https:\/\/www.europesays.com\/fr\/wp-json\/wp\/v2\/media\/22663"}],"wp:attachment":[{"href":"https:\/\/www.europesays.com\/fr\/wp-json\/wp\/v2\/media?parent=22662"}],"wp:term":[{"taxonomy":"category","embeddable":true,"href":"https:\/\/www.europesays.com\/fr\/wp-json\/wp\/v2\/categories?post=22662"},{"taxonomy":"post_tag","embeddable":true,"href":"https:\/\/www.europesays.com\/fr\/wp-json\/wp\/v2\/tags?post=22662"}],"curies":[{"name":"wp","href":"https:\/\/api.w.org\/{rel}","templated":true}]}}