{"id":226626,"date":"2025-07-04T21:58:27","date_gmt":"2025-07-04T21:58:27","guid":{"rendered":"https:\/\/www.europesays.com\/fr\/226626\/"},"modified":"2025-07-04T21:58:27","modified_gmt":"2025-07-04T21:58:27","slug":"ancien-joueur-darsenal-thomas-partey-inculpe-pour-viols-et-agression-sexuelle-au-royaume-uni","status":"publish","type":"post","link":"https:\/\/www.europesays.com\/fr\/226626\/","title":{"rendered":"ancien joueur d\u2019Arsenal, Thomas Partey inculp\u00e9 pour viols et agression sexuelle au Royaume-Uni"},"content":{"rendered":"<p>Laiss\u00e9 libre par les Gunners \u00e0 la fin de la saison \u00e9coul\u00e9e, le milieu international ghan\u00e9en de 32 ans faisait l\u2019objet d\u2019une enqu\u00eate qui a d\u00e9but\u00e9 en f\u00e9vrier 2022.<\/p>\n<p class=\"fig-paragraph\">Le footballeur ghan\u00e9en Thomas Partey, dont le contrat vient de s&rsquo;achever avec le club anglais d&rsquo;Arsenal, a \u00e9t\u00e9 inculp\u00e9 pour viols, a annonc\u00e9 vendredi la police britannique. Le milieu de 32 ans a \u00e9t\u00e9 inculp\u00e9 pour des viols sur deux femmes et pour une agression sexuelle sur une troisi\u00e8me, qui se seraient produits entre 2021 et 2022, a indiqu\u00e9 la police dans un communiqu\u00e9.<\/p>\n<p class=\"fig-paragraph\">L&rsquo;international ghan\u00e9en \u00abnie toutes les charges contre lui\u00bb, a r\u00e9agi son avocate Jenny Wiltshire, dans une d\u00e9claration transmise \u00e0 l&rsquo;AFP. \u00abIl a coop\u00e9r\u00e9 pleinement avec la police et le CPS (service du procureur) durant les trois ans d&rsquo;enqu\u00eate\u00bb et \u00abse r\u00e9jouit maintenant de l&rsquo;opportunit\u00e9 de pouvoir laver son honneur\u00bb, a-t-elle ajout\u00e9. Thomas Partey compara\u00eetra le 5 ao\u00fbt devant le tribunal de Westminster \u00e0 Londres. Cette inculpation \u00abest la cons\u00e9quence d&rsquo;une enqu\u00eate qui a d\u00e9but\u00e9 en f\u00e9vrier 2022 apr\u00e8s que la police a re\u00e7u un premier signalement de viol\u00bb, a d\u00e9taill\u00e9 la police.<\/p>\n<p>                                    <a class=\"fig-a11y-skip a11y-hidden\" href=\"#fig-a11y-skip-main-inarticle\"><br \/>\n        Passer la publicit\u00e9<br \/>\n    <\/a><\/p>\n<p>Libre de tout engagement<\/p>\n<p class=\"fig-paragraph\">Thomas Partey a commenc\u00e9 sa carri\u00e8re en Espagne, essentiellement \u00e0 l&rsquo;Atl\u00e9tico Madrid, avant de rejoindre Arsenal en 2020, qui avait alors cass\u00e9 sa tirelire afin de s&rsquo;adjoindre les services du Ghan\u00e9en pour 50 millions d&rsquo;euros.<\/p>\n<p class=\"fig-paragraph\">Chez les Gunners, c&rsquo;\u00e9tait un titulaire indispensable \u00e0 l&rsquo;\u00e9quipe de Mikel Arteta, comme milieu d\u00e9fensif et parfois comme arri\u00e8re lat\u00e9ral, o\u00f9 il a \u00e9t\u00e9 utilis\u00e9 au gr\u00e9 des blessures de ses co\u00e9quipiers. Lui-m\u00eame a connu des blessures qui ont hach\u00e9 son aventure dans le nord de Londres. Son contrat s&rsquo;est achev\u00e9 le 30 juin avec le club, qui ne l&rsquo;a pas renouvel\u00e9. Thomas Partey \u00e9tait depuis sans club.<\/p>\n","protected":false},"excerpt":{"rendered":"Laiss\u00e9 libre par les Gunners \u00e0 la fin de la saison \u00e9coul\u00e9e, le milieu international ghan\u00e9en de 32&hellip;\n","protected":false},"author":2,"featured_media":226627,"comment_status":"","ping_status":"","sticky":false,"template":"","format":"standard","meta":{"footnotes":""},"categories":[1588],"tags":[11,5357,1777,674,12,473,1853,1851,1850,1852],"class_list":{"0":"post-226626","1":"post","2":"type-post","3":"status-publish","4":"format-standard","5":"has-post-thumbnail","7":"category-royaume-uni","8":"tag-actualites","9":"tag-arsenal","10":"tag-eu","11":"tag-europe","12":"tag-news","13":"tag-royaume-uni","14":"tag-royaume-uni-de-grande-bretagne-et-dirlande-du-nord","15":"tag-uk","16":"tag-united-kingdom","17":"tag-united-kingdom-of-great-britain-and-northern-ireland"},"share_on_mastodon":{"url":"https:\/\/pubeurope.com\/@fr\/114797209431481083","error":""},"_links":{"self":[{"href":"https:\/\/www.europesays.com\/fr\/wp-json\/wp\/v2\/posts\/226626","targetHints":{"allow":["GET"]}}],"collection":[{"href":"https:\/\/www.europesays.com\/fr\/wp-json\/wp\/v2\/posts"}],"about":[{"href":"https:\/\/www.europesays.com\/fr\/wp-json\/wp\/v2\/types\/post"}],"author":[{"embeddable":true,"href":"https:\/\/www.europesays.com\/fr\/wp-json\/wp\/v2\/users\/2"}],"replies":[{"embeddable":true,"href":"https:\/\/www.europesays.com\/fr\/wp-json\/wp\/v2\/comments?post=226626"}],"version-history":[{"count":0,"href":"https:\/\/www.europesays.com\/fr\/wp-json\/wp\/v2\/posts\/226626\/revisions"}],"wp:featuredmedia":[{"embeddable":true,"href":"https:\/\/www.europesays.com\/fr\/wp-json\/wp\/v2\/media\/226627"}],"wp:attachment":[{"href":"https:\/\/www.europesays.com\/fr\/wp-json\/wp\/v2\/media?parent=226626"}],"wp:term":[{"taxonomy":"category","embeddable":true,"href":"https:\/\/www.europesays.com\/fr\/wp-json\/wp\/v2\/categories?post=226626"},{"taxonomy":"post_tag","embeddable":true,"href":"https:\/\/www.europesays.com\/fr\/wp-json\/wp\/v2\/tags?post=226626"}],"curies":[{"name":"wp","href":"https:\/\/api.w.org\/{rel}","templated":true}]}}