{"id":226628,"date":"2025-07-04T21:59:13","date_gmt":"2025-07-04T21:59:13","guid":{"rendered":"https:\/\/www.europesays.com\/fr\/226628\/"},"modified":"2025-07-04T21:59:13","modified_gmt":"2025-07-04T21:59:13","slug":"lallemagne-simpose-aisement-contre-la-pologne","status":"publish","type":"post","link":"https:\/\/www.europesays.com\/fr\/226628\/","title":{"rendered":"L&rsquo;Allemagne s&rsquo;impose ais\u00e9ment contre la Pologne"},"content":{"rendered":"<p class=\"date\">\n                                                            Axel Allag, Media365, publi\u00e9 le vendredi 04 juillet 2025 \u00e0 23h34\n                                                    <\/p>\n<p>Pour son premier match dans cet Euro f\u00e9minin, l&rsquo;Allemagne a tard\u00e9 pour marquer, deux fois, mais s&rsquo;est impos\u00e9e sans trembler devant la Pologne (2-0).<\/p>\n<p>Entame d&rsquo;Euro f\u00e9minin r\u00e9ussie pour l&rsquo;Allemagne. Ce vendredi soir, \u00e0 Saint-Gall, en Suisse, la s\u00e9lection allemande a su tenir son rang, en dominant logiquement une Pologne qui dispute un tournoi international pour la premi\u00e8re fois de son histoire. Huit fois laur\u00e9ate de l&rsquo;Euro, mais pour la derni\u00e8re fois sacr\u00e9e en 2013, l&rsquo;Allemagne a beaucoup tent\u00e9 ce vendredi soir (25 tirs \u00e0 10), monopolis\u00e9 le ballon (71% de possession), mais tard\u00e9 \u00e0 se mettre sur le chemin du succ\u00e8s. Le premier tir cadr\u00e9 des joueuses dirig\u00e9es par Christian W\u00fcck est arriv\u00e9 \u00e0 la 23e minute, via Jule Brand, qui s&rsquo;est av\u00e9r\u00e9e d\u00e9cisive dans ce match.<\/p>\n<p>Brand buteuse puis d\u00e9cisive \u00e0 la passe<\/p>\n<p>Avant la mi-temps, servie en retrait au point de penalty, Lea Sch\u00fcller a manqu\u00e9 le ballon en position favorable, et c&rsquo;est donc sur un score nul et vierge que se s\u00e9paraient les deux s\u00e9lections \u00e0 la mi-temps. La Pologne, qui a surtout proc\u00e9d\u00e9 par attaques rapides avec une Ewa Pajor dangereuse, pouvait toutefois s&rsquo;estimer heureuse de ce score de parit\u00e9. Au retour des vestiaires, manifestement us\u00e9e, la Pologne a craqu\u00e9 par deux fois devant les attaques de l&rsquo;Allemagne. Dans un premier temps, c&rsquo;est la frappe du gauche de Jule Brand, future lat\u00e9rale de l&rsquo;OL Lyonnes, qui a trouv\u00e9 le chemin des filets (1-0, 52e). Cette m\u00eame Jule Brand, apr\u00e8s avoir marqu\u00e9, s&rsquo;est mu\u00e9e en passeuse d\u00e9cisive quelques minutes plus tard, trouvant la t\u00eate gagnante de Lea Sch\u00fcller pour le but du break (2-0, 66e).<\/p>\n<p>Du fait de son succ\u00e8s, l&rsquo;Allemagne est donc en t\u00eate du groupe C, devant la Su\u00e8de, qui a pris le meilleur sur le Danemark plus t\u00f4t ce vendredi (0-1). Lors de la deuxi\u00e8me journ\u00e9e de cet Euro f\u00e9minin, l&rsquo;Allemagne d\u00e9fiera le Danemark (mardi \u00e0 18 heures) alors que la Pologne et la Su\u00e8de s&rsquo;affronteront un peu plus tard (le m\u00eame jour, \u00e0 21 heures).<\/p>\n","protected":false},"excerpt":{"rendered":"Axel Allag, Media365, publi\u00e9 le vendredi 04 juillet 2025 \u00e0 23h34 Pour son premier match dans cet Euro&hellip;\n","protected":false},"author":2,"featured_media":226629,"comment_status":"","ping_status":"","sticky":false,"template":"","format":"standard","meta":{"footnotes":""},"categories":[1587],"tags":[11,672,1804,1805,1803,1777,674,1801,12,1802],"class_list":{"0":"post-226628","1":"post","2":"type-post","3":"status-publish","4":"format-standard","5":"has-post-thumbnail","7":"category-allemagne","8":"tag-actualites","9":"tag-allemagne","10":"tag-bundesrepublik-deutschland","11":"tag-de","12":"tag-deutschland","13":"tag-eu","14":"tag-europe","15":"tag-germany","16":"tag-news","17":"tag-republique-federale-dallemagne"},"share_on_mastodon":{"url":"https:\/\/pubeurope.com\/@fr\/114797213351117700","error":""},"_links":{"self":[{"href":"https:\/\/www.europesays.com\/fr\/wp-json\/wp\/v2\/posts\/226628","targetHints":{"allow":["GET"]}}],"collection":[{"href":"https:\/\/www.europesays.com\/fr\/wp-json\/wp\/v2\/posts"}],"about":[{"href":"https:\/\/www.europesays.com\/fr\/wp-json\/wp\/v2\/types\/post"}],"author":[{"embeddable":true,"href":"https:\/\/www.europesays.com\/fr\/wp-json\/wp\/v2\/users\/2"}],"replies":[{"embeddable":true,"href":"https:\/\/www.europesays.com\/fr\/wp-json\/wp\/v2\/comments?post=226628"}],"version-history":[{"count":0,"href":"https:\/\/www.europesays.com\/fr\/wp-json\/wp\/v2\/posts\/226628\/revisions"}],"wp:featuredmedia":[{"embeddable":true,"href":"https:\/\/www.europesays.com\/fr\/wp-json\/wp\/v2\/media\/226629"}],"wp:attachment":[{"href":"https:\/\/www.europesays.com\/fr\/wp-json\/wp\/v2\/media?parent=226628"}],"wp:term":[{"taxonomy":"category","embeddable":true,"href":"https:\/\/www.europesays.com\/fr\/wp-json\/wp\/v2\/categories?post=226628"},{"taxonomy":"post_tag","embeddable":true,"href":"https:\/\/www.europesays.com\/fr\/wp-json\/wp\/v2\/tags?post=226628"}],"curies":[{"name":"wp","href":"https:\/\/api.w.org\/{rel}","templated":true}]}}