{"id":226630,"date":"2025-07-04T22:00:21","date_gmt":"2025-07-04T22:00:21","guid":{"rendered":"https:\/\/www.europesays.com\/fr\/226630\/"},"modified":"2025-07-04T22:00:21","modified_gmt":"2025-07-04T22:00:21","slug":"rompre-avec-leurope-de-la-concurrence-sophie-binet-alerte-sur-le-besoin-dune-strategie-europeenne","status":"publish","type":"post","link":"https:\/\/www.europesays.com\/fr\/226630\/","title":{"rendered":"\u00ab\u00a0Rompre avec l\u2019Europe de la concurrence\u00a0\u00bb: Sophie Binet alerte sur le besoin d\u2019une strat\u00e9gie europ\u00e9enne"},"content":{"rendered":"<p>La secr\u00e9taire de la CGT d\u00e9battait ce vendredi 4 juillet avec le ministre de l\u2019Industrie Marc Ferracci \u00e0 qui elle a demand\u00e9 de nationaliser Arcelor Mittal. Interview en marge d\u2019une session sur le th\u00e8me de l\u2019\u00e9cologie et de l\u2019emploi.<\/p>\n<p><strong>La r\u00e9forme des retraites est toujours un sujet majeur?<\/strong><\/p>\n<p>Oui, c&rsquo;\u00e9tait d\u00e9terminant, parce que ce sont des millions de travailleurs et de travailleuses qui attendent et exigent toujours l\u2019abrogation de cette r\u00e9forme. C&rsquo;est pas un totem. C&rsquo;est pas une question symbolique. La r\u00e9forme fait d\u00e9j\u00e0 des ravages, puisque l\u00e0, on est \u00e0 62 ans et demi, bient\u00f4t 62 ans et 9 mois, en \u00e2ge de d\u00e9part. Et on voit que le nombre d&rsquo;inscrits et d&rsquo;inscrites de plus de 62 ans explose \u00e0 France travail. Donc il se passe exactement ce que nous avions d\u00e9nonc\u00e9, c&rsquo;est-\u00e0-dire qu&rsquo;on nous impose de travailler plus longtemps. Mais en v\u00e9rit\u00e9, les entreprises ne veulent pas de travailleurs et de travailleuses seniors. Et les seniors sont les premiers \u00e0 \u00eatre licenci\u00e9s, l\u00e0, dans les 400 plans de licenciement que la CGT a recens\u00e9s.<\/p>\n<p><strong>Ce conclave \u00e9tait un \u00e9chec?<\/strong><\/p>\n<p>On a bien compris que pour Fran\u00e7ois Bayrou, c&rsquo;\u00e9tait un syst\u00e8me pour prolonger son bail. Il a pass\u00e9 son temps \u00e0 nous mettre des b\u00e2tons dans les roues. Le premier b\u00e2ton dans les roues, c&rsquo;est quand il a sorti sa calculette truqu\u00e9e et donc qu&rsquo;il a alourdi de quasiment 50 milliards la facture. La deuxi\u00e8me entrave, c&rsquo;est quand il a tout de suite dit que s&rsquo;il n&rsquo;y avait pas d&rsquo;accord, la loi actuelle s&rsquo;appliquait. Et donc \u00e7a, c&rsquo;\u00e9tait donner les pleins pouvoirs au patronat et les mettre en situation de rapport de force.<\/p>\n<p>Malgr\u00e9 \u00e7a, on est rest\u00e9. Mais \u00e0 la fin, il a donn\u00e9 le coup de gr\u00e2ce quand il a dit que, de son point de vue, il ne fallait surtout pas revenir sur les 64 ans. Donc \u00e7a, c&rsquo;\u00e9tait concert\u00e9 avec le patronat. Mais la nouveaut\u00e9 de la p\u00e9riode c&rsquo;est le fait que le 5 juin dernier, les d\u00e9put\u00e9s ont vot\u00e9 une r\u00e9solution demandant l&rsquo;abrogation de la r\u00e9forme. Donc donc soit le gouvernement met en \u0153uvre la r\u00e9solution qui a \u00e9t\u00e9 vot\u00e9e par les d\u00e9put\u00e9s. Soit il organise un r\u00e9f\u00e9rendum.<\/p>\n<p><strong>Il faut s\u2019attendre \u00e0 une rentr\u00e9e sociale chaude, y compris en raison du contexte de restrictions budg\u00e9taires?<\/strong><\/p>\n<p>On est tr\u00e8s inquiets par les choix budg\u00e9taires qui vont \u00eatre ceux du gouvernement, puisque le signal qui nous est envoy\u00e9, c&rsquo;est que syst\u00e9matiquement, il y a un acteur qui n&rsquo;est pas mis \u00e0 contribution. Ce sont les grandes entreprises et les plus riches.<\/p>\n<p>Et donc du coup, 40 milliards \u00e0 trouver, \u00e7a veut dire que c&rsquo;est encore les travailleurs et les travailleuses qui vont devoir passer \u00e0 la caisse, alors que \u00e7a fait sept ans qu&rsquo;on passe \u00e0 la caisse et qu&rsquo;on a d\u00e9j\u00e0 pay\u00e9 tr\u00e8s cher, puisqu&rsquo;on a d\u00e9j\u00e0 eu \u00e0 assumer des r\u00e9formes violentes. Une r\u00e9forme du code du travail, trois r\u00e9formes de l&rsquo;assurance-ch\u00f4mage, une r\u00e9forme des retraites. Nos salaires n&rsquo;ont toujours pas retrouv\u00e9 le niveau de 2020 avant la s\u00e9quence inflationniste.<\/p>\n<p><strong>Quelle solution?<\/strong><\/p>\n<p>Pour nous, trouver 40 milliards, c&rsquo;est tr\u00e8s simple. Il suffit de revenir sur la moiti\u00e9 des mesures de cadeau pour les plus riches et pour les plus grandes entreprises qui ont \u00e9t\u00e9 faites. C&rsquo;est pas compliqu\u00e9. C&rsquo;est du courage politique et de la justice fiscale. Et puis la deuxi\u00e8me chose, ce sont les aides publiques aux entreprises. Quand est-ce que le gouvernement va enfin agir sur ce scandale? Nous avons \u00e9t\u00e9 tr\u00e8s choqu\u00e9s par l&rsquo;audition d&rsquo;\u00c9ric Lombard \u00e0 la commission d&rsquo;enqu\u00eate du S\u00e9nat sur les aides publiques. Les aides publiques aux entreprises, 200 milliards, c&rsquo;est le premier poste de d\u00e9pense de l&rsquo;\u00c9tat. C&rsquo;est 10 points de pivot. Donc on a quand m\u00eame le droit d&rsquo;avoir des comptes sur cette question-l\u00e0.<\/p>\n<p><strong>Vous recensez 400 plans sociaux, le co\u00fbt du travail est trop \u00e9lev\u00e9?<\/strong><\/p>\n<p>Franchement, le disque du patronat, \u00e7a devient fatigant. En fait, c&rsquo;est leur seule antienne. C&rsquo;est le co\u00fbt du travail, les normes, le co\u00fbt du travail, les normes, le co\u00fbt du travail, les normes.<\/p>\n<p>J&rsquo;\u00e9tais il y a trois jours \u00e0 Berlin pour le sommet franco-allemand, o\u00f9 nous avons eu un \u00e9change avec le patronat, les syndicats allemands, les ministres du Travail allemand, et fran\u00e7ais. Dans l&rsquo;accord de la grande coalition en Allemagne, il y a une augmentation du salaire minimum sur deux ans. Donc aujourd\u2019hui, le salaire minimum allemand est d\u00e9j\u00e0 de 8% sup\u00e9rieur au salaire minimum fran\u00e7ais.<\/p>\n<p>Dans deux ans, il sera de 25% sup\u00e9rieur. Donc il faut arr\u00eater de nous dire que les salaires sont trop \u00e9lev\u00e9s en France. On a des salaires plus faibles que la majorit\u00e9 de nos voisins. Et sur les salaires de moins de 1,6 SMIC, voire m\u00eame de moins de 2 SMIC, il y a quasiment 0 euro de cotisations sociales. Donc il n\u2019y a d\u00e9j\u00e0 pas d&rsquo;\u00e9cart entre le net et le brut. Et le rapport Bozio &#8211; Wasmer a d\u00e9montr\u00e9 que dans les 80 milliards d&rsquo;exos de cotises, il y en avait beaucoup dont l&rsquo;impact \u00e9tait tr\u00e8s discutable, notamment sur tous les salaires entre 2 et 3,5 SMIC qui servent \u00e0 optimiser la masse salariale mais qui n&rsquo;ont aucun impact sur l&#8217;emploi.<\/p>\n<p><strong>L\u2019enjeu des discussions entre l\u2019UE et les Etats-Unis est majeur?<\/strong><\/p>\n<p>L\u2019enjeu sur la guerre commerciale qui s\u2019ouvre, c&rsquo;est pas tant les Etats-Unis que la Chine. La question, c&rsquo;est les surplus chinois. Et donc la question, c&rsquo;est quelle va \u00eatre l&rsquo;attitude de la Commission europ\u00e9enne qui doit comprendre que le monde change et qu&rsquo;elle doit mettre fin \u00e0 sa strat\u00e9gie catastrophique d&rsquo;un point de vue industriel. Il faut prot\u00e9ger l&rsquo;industrie europ\u00e9enne. Il faut des barri\u00e8res douani\u00e8res avec des droits de douane qui soient modul\u00e9es en fonction des normes sociales et des normes environnementales, parce que sinon, effectivement, on ne rivalise pas \u00e0 armes \u00e9gales. Et puis il faut aussi un choc d&rsquo;harmonisation fiscale, sociale, environnementale en Europe, parce que nous, nous savons tr\u00e8s bien que le premier lieu de d\u00e9localisation, c&rsquo;est pas la Chine. C&rsquo;est l&rsquo;Europe, parce que le premier lieu de paradis fiscal, c&rsquo;est pas les Bahamas. C&rsquo;est l&rsquo;Europe.<\/p>\n<p><strong>Cela veut dire refonder l\u2019Europe?<\/strong><\/p>\n<p>Oui, parce qu&rsquo;il y a un dumping. Il faut en fait changer de mod\u00e8le th\u00e9orique. Il faut rompre avec l&rsquo;Europe de la concurrence et construire une Europe de la coop\u00e9ration. L\u00e0, on est en plein sur le sujet ArcelorMittal. L\u2019Europe, elle s\u2019est construite avec la CECA, la Communaut\u00e9 europ\u00e9enne de l\u2019acier et du charbon. L\u00e0, en fait, si on ne fait rien, dans cinq ans, il n\u2019y aura plus d\u2019acier en Europe. Donc il faut construire un g\u00e9ant europ\u00e9en de l&rsquo;acier.<\/p>\n","protected":false},"excerpt":{"rendered":"La secr\u00e9taire de la CGT d\u00e9battait ce vendredi 4 juillet avec le ministre de l\u2019Industrie Marc Ferracci \u00e0&hellip;\n","protected":false},"author":2,"featured_media":226631,"comment_status":"","ping_status":"","sticky":false,"template":"","format":"standard","meta":{"footnotes":""},"categories":[1586],"tags":[11,33,1777,674,1011,27,12,25,801],"class_list":{"0":"post-226630","1":"post","2":"type-post","3":"status-publish","4":"format-standard","5":"has-post-thumbnail","7":"category-europe","8":"tag-actualites","9":"tag-economie","10":"tag-eu","11":"tag-europe","12":"tag-fr","13":"tag-france","14":"tag-news","15":"tag-republique-francaise","16":"tag-social"},"share_on_mastodon":{"url":"https:\/\/pubeurope.com\/@fr\/114797217259383880","error":""},"_links":{"self":[{"href":"https:\/\/www.europesays.com\/fr\/wp-json\/wp\/v2\/posts\/226630","targetHints":{"allow":["GET"]}}],"collection":[{"href":"https:\/\/www.europesays.com\/fr\/wp-json\/wp\/v2\/posts"}],"about":[{"href":"https:\/\/www.europesays.com\/fr\/wp-json\/wp\/v2\/types\/post"}],"author":[{"embeddable":true,"href":"https:\/\/www.europesays.com\/fr\/wp-json\/wp\/v2\/users\/2"}],"replies":[{"embeddable":true,"href":"https:\/\/www.europesays.com\/fr\/wp-json\/wp\/v2\/comments?post=226630"}],"version-history":[{"count":0,"href":"https:\/\/www.europesays.com\/fr\/wp-json\/wp\/v2\/posts\/226630\/revisions"}],"wp:featuredmedia":[{"embeddable":true,"href":"https:\/\/www.europesays.com\/fr\/wp-json\/wp\/v2\/media\/226631"}],"wp:attachment":[{"href":"https:\/\/www.europesays.com\/fr\/wp-json\/wp\/v2\/media?parent=226630"}],"wp:term":[{"taxonomy":"category","embeddable":true,"href":"https:\/\/www.europesays.com\/fr\/wp-json\/wp\/v2\/categories?post=226630"},{"taxonomy":"post_tag","embeddable":true,"href":"https:\/\/www.europesays.com\/fr\/wp-json\/wp\/v2\/tags?post=226630"}],"curies":[{"name":"wp","href":"https:\/\/api.w.org\/{rel}","templated":true}]}}