{"id":226639,"date":"2025-07-04T22:07:10","date_gmt":"2025-07-04T22:07:10","guid":{"rendered":"https:\/\/www.europesays.com\/fr\/226639\/"},"modified":"2025-07-04T22:07:10","modified_gmt":"2025-07-04T22:07:10","slug":"tu-ne-peux-pas-claquer-des-doigts-et-tout-gagner-la-saison-terminee-pierre-mignoni-fait-le-bilan","status":"publish","type":"post","link":"https:\/\/www.europesays.com\/fr\/226639\/","title":{"rendered":"\u00ab\u00a0Tu ne peux pas claquer des doigts et tout gagner\u00a0\u00bb: la saison termin\u00e9e, Pierre Mignoni fait le bilan"},"content":{"rendered":"<p>De sa col\u00e8re au Michelin \u00e0 une premi\u00e8re demi-finale depuis huit ans \u00e0 Toulon, cette saison, Pierre Mignoni est pass\u00e9 par tous les \u00e9tats. S\u2019il a forc\u00e9ment \u00e9volu\u00e9, le technicien a surtout \u00ab\u00a0appris des autres\u00a0\u00bb. Entra\u00eeneur passionn\u00e9, il s\u2019est donn\u00e9, \u00e0 100%, comme toujours.<\/p>\n<p>La d\u00e9ception de l\u2019\u00e9limination presque dig\u00e9r\u00e9e, il a accept\u00e9 de se confier \u00e0 Var-matin.<\/p>\n<p><strong>Quelques jours apr\u00e8s l\u2019\u00e9limination, comment allez-vous?<\/strong><\/p>\n<p>C\u2019est l\u2019heure du bilan. J\u2019en profite pour faire des entretiens avec mon staff. Pas trop avec les joueurs, car une fois la saison termin\u00e9e, ils rel\u00e2chent et il faut savoir les laisser. Je les ai vus une fois, afin de caler leurs dates de retour. Mais on a surtout travaill\u00e9 avec le staff, pour voir sur quoi on peut progresser. J\u2019essaye de mettre un petit peu tout le monde en r\u00e9flexion.<\/p>\n<p><strong>\u00c0 titre personnel, quels sentiments vous ont anim\u00e9 lors des jours qui ont suivi la d\u00e9faite?<\/strong><\/p>\n<p>Quand tu sens que tu peux faire des choses et que tu ne les fais pas, c\u2019est frustrant. Mais maintenant, c\u2019est fait, et je me dis qu\u2019on a quand m\u00eame r\u00e9alis\u00e9 une belle saison. Et que \u00e7a faisait longtemps que le club n\u2019avait pas atteint ce niveau de comp\u00e9tition, en Top 14 comme en Champions Cup.<\/p>\n<p><strong>N\u2019est-ce pas difficile de trouver du positif dans la d\u00e9faite?<\/strong><\/p>\n<p>Je pense qu\u2019il faut \u00eatre juste dans l\u2019analyse, sans \u00eatre trop n\u00e9gatif \u00e0 cause de la frustration. Il faut se laisser un peu de temps pour dig\u00e9rer, afin d\u2019avoir une vision juste sur nos axes de progr\u00e8s. Pour \u00e7a, j\u2019ai besoin d\u2019analyser avec mon staff, mais \u00e9galement d\u2019un peu de temps pour me reposer et de prendre du recul. Il faut d\u00e9j\u00e0 penser \u00e0 la prochaine saison, sur laquelle on a d\u00e9j\u00e0 travaill\u00e9, mais \u00e9galement se r\u00e9g\u00e9n\u00e9rer personnellement. Il faut aussi regarder derri\u00e8re, et se rappeler qu\u2019il y a trois ans, on partait de loin.<\/p>\n<p><strong>D\u2019autant que, m\u00eame si vous aimeriez griller les \u00e9tapes, il y a tous les ans de la progression\u2026<\/strong><\/p>\n<p>Tu ne peux pas arriver, claquer des doigts et tout gagner. Ce n\u2019est pas possible. Bordeaux ne l\u2019a pas fait. Ils ont perdu des demies, des quarts, des finales. C\u2019est un exemple. Toulouse est aujourd\u2019hui dans une autre phase de sa progression, mais l\u2019a v\u00e9cu aussi, avant. Nous, est-ce qu\u2019on se satisfait de la saison qu\u2019on a fait? Non. Est-ce qu\u2019on est en progr\u00e8s? Oui. Est-ce qu\u2019il y a des choses positives? Oui. Je laisse les gens commenter, mais ce qui compte, ce sont les r\u00e9sultats. Et ils sont l\u00e0.<\/p>\n<p><strong>Qu\u2019avez-vous appris sur vous tout au long de la saison?<\/strong><\/p>\n<p>Sur moi, pas tant de choses, mais j\u2019ai surtout appris \u00e0 conna\u00eetre encore mieux mon groupe, mes joueurs. Sur moi, j\u2019essaye d\u2019\u00e9voluer, d\u2019\u00eatre meilleur que l\u2019ann\u00e9e derni\u00e8re, mais ma personne m\u2019importe peu. Ce qui m\u2019importe, c\u2019est les autres. Quand je vois les joueurs \u00e9voluer, changer, progresser, je me dis qu\u2019on est sur le bon chemin. Quand je vois un joueur avec qui on peut \u00eatre en \u00e9chec, \u00e7a me rend triste.<\/p>\n<p><strong>Votre col\u00e8re face \u00e0 Clermont avait fait r\u00e9agir et vous avait valu une suspension. Depuis, on vous sent plus apais\u00e9. Est-ce le cas?<\/strong><\/p>\n<p>Vous l\u2019avez per\u00e7u ainsi? En tout cas, quand j\u2019explose, g\u00e9n\u00e9ralement, c\u2019est que je ressens de l\u2019injustice. Mais ne vous inqui\u00e9tez pas, je r\u00e9exploserai, hein (rires). Parce que je suis comme je suis. Quelqu\u2019un d\u2019entier. Quand je ne sens pas l\u2019\u00e9quilibre de justesse, \u00e7a me frustre et m\u2019\u00e9nerve. Je fais souvent r\u00e9f\u00e9rence au fait que je suis une \u00ab\u00a0m\u00e8che courte\u00a0\u00bb [qui se consume plus vite qu\u2019une m\u00e8che longue], et j\u2019essaye de la rallonger au fur et \u00e0 mesure de mes exp\u00e9riences (sourire).<\/p>\n<p><strong>Y parvenez-vous?<\/strong><\/p>\n<p>J\u2019essaye (rires). Mais c\u2019est pareil dans mon quotidien. J\u2019ai 70 personnes et souvent des probl\u00e8mes \u00e0 g\u00e9rer. Si j\u2019explose \u00e0 chaque probl\u00e8me, \u00e7a ne peut pas fonctionner. J\u2019essaye de prendre du recul, mais si je hausse le ton, c\u2019est que je consid\u00e8re qu\u2019il y en a besoin. Il ne faut pas le faire tout le temps, sinon tu n\u2019es plus entendu. Je suis l\u00e0 pour faire attention \u00e0 tout, mais j\u2019ai besoin de mon staff, des joueurs, du club. Je suis devant, je suis le leader, mais j\u2019ai besoin des autres.<\/p>\n<p><strong>Prenez-vous malgr\u00e9 tout du plaisir?<\/strong><\/p>\n<p>C\u2019est un m\u00e9tier de fou, hein, mais il n\u2019y a pas que des probl\u00e8mes! Je prends du plaisir. Aussi parce que je fais un m\u00e9tier que j\u2019aime. Ce n\u2019est pas que je m\u2019en fous de moi, mais presque. Des fois, tu mets entre parenth\u00e8ses ta famille. \u00e7a fait partie du m\u00e9tier d\u2019entra\u00eeneur. Ce n\u2019est pas toujours facile, mais c\u2019est passionnel. J\u2019aime la relation avec les autres. Elle peut \u00eatre dans le conflit, dans la s\u00e9r\u00e9nit\u00e9, dans la joie, dans la passion, mais si je n\u2019ai pas \u00e7a, je ne suis pas heureux. C\u2019est addictif.<\/p>\n<p><strong>N\u2019auriez-vous cependant pas besoin, parfois, d\u2019avoir moins de casquettes? RCT passion, les partenaires, les r\u00e9unions, les m\u00e9dias, et au milieu de tout \u00e7a, l\u2019\u00e9quipe professionnelle\u2026<\/strong><\/p>\n<p>Cela fait partie du boulot. J\u2019aime \u00eatre comme \u00e7a. Je ne le vis pas mal. Des fois c\u2019est un peu dur, oui. Mais comme tout un chacun dans son travail. Apr\u00e8s, les probl\u00e8mes durent tr\u00e8s peu de temps et je bascule sur autre chose. J\u2019ai besoin de me r\u00e9g\u00e9n\u00e9rer. Je ne peux pas \u00eatre tout le temps comme \u00e7a, sinon je manquerais de clairvoyance. Et c\u2019est l\u00e0 o\u00f9 j\u2019ai besoin des autres, qu\u2019ils me disent les choses. Je n\u2019ai pas besoin qu\u2019on me dise oui \u00e0 tout. Tu peux \u00eatre en d\u00e9saccord. Les joueurs le peuvent. Ce n\u2019est pas une dictature. Au contraire. Je veux beaucoup d\u2019\u00e9changes.<\/p>\n<p><strong>Oui, mais \u00e9tait-ce n\u00e9cessaire, par exemple, de vous rendre dans le vestiaire du Mourillon pour faire un discours avant le match du maintien en F\u00e9d\u00e9rale 3?<\/strong><\/p>\n<p>Je ne le fais pas tous les week-ends non plus (sourire). On m\u2019a demand\u00e9 de venir, de remettre un maillot, alors j\u2019y suis all\u00e9. Cela a aussi \u00e9t\u00e9 le cas pour le RCTPM [promu en \u00c9lite 1 f\u00e9minine]. Il le faut, c\u2019est important. Et beaucoup de coaches le font, \u00e7a n\u2019a rien d\u2019exceptionnel. Au contraire, je fais les choses comme je les ressens et par passion. C\u2019est un m\u00e9tier dans lequel il y a tr\u00e8s peu de bonheur, mais c\u2019est la vie d\u2019une saison. \u00c7a dure tr\u00e8s peu de temps. M\u00eame quand tu gagnes un titre, tu ne peux pas t\u2019endormir. Tu ressens un bien-\u00eatre, c\u2019est une sorte de pl\u00e9nitude dans ton travail qu\u2019il faut savoir appr\u00e9cier mais le quotidien revient tr\u00e8s vite. Tu ne peux pas rester sur \u00e7a. Il faut repartir sur l\u2019apr\u00e8s. Pour moi, le plus important, c\u2019est d\u2019anticiper le coup d\u2019apr\u00e8s, justement, et de faire le moins d\u2019erreurs possible, afin de connecter les gens ensemble.<\/p>\n","protected":false},"excerpt":{"rendered":"De sa col\u00e8re au Michelin \u00e0 une premi\u00e8re demi-finale depuis huit ans \u00e0 Toulon, cette saison, Pierre Mignoni&hellip;\n","protected":false},"author":2,"featured_media":226640,"comment_status":"","ping_status":"","sticky":false,"template":"","format":"standard","meta":{"footnotes":""},"categories":[1416],"tags":[1011,27,303,479,1468,60],"class_list":{"0":"post-226639","1":"post","2":"type-post","3":"status-publish","4":"format-standard","5":"has-post-thumbnail","7":"category-rugby","8":"tag-fr","9":"tag-france","10":"tag-justice","11":"tag-rugby","12":"tag-rugby-football","13":"tag-sports"},"share_on_mastodon":{"url":"https:\/\/pubeurope.com\/@fr\/114797244838872759","error":""},"_links":{"self":[{"href":"https:\/\/www.europesays.com\/fr\/wp-json\/wp\/v2\/posts\/226639","targetHints":{"allow":["GET"]}}],"collection":[{"href":"https:\/\/www.europesays.com\/fr\/wp-json\/wp\/v2\/posts"}],"about":[{"href":"https:\/\/www.europesays.com\/fr\/wp-json\/wp\/v2\/types\/post"}],"author":[{"embeddable":true,"href":"https:\/\/www.europesays.com\/fr\/wp-json\/wp\/v2\/users\/2"}],"replies":[{"embeddable":true,"href":"https:\/\/www.europesays.com\/fr\/wp-json\/wp\/v2\/comments?post=226639"}],"version-history":[{"count":0,"href":"https:\/\/www.europesays.com\/fr\/wp-json\/wp\/v2\/posts\/226639\/revisions"}],"wp:featuredmedia":[{"embeddable":true,"href":"https:\/\/www.europesays.com\/fr\/wp-json\/wp\/v2\/media\/226640"}],"wp:attachment":[{"href":"https:\/\/www.europesays.com\/fr\/wp-json\/wp\/v2\/media?parent=226639"}],"wp:term":[{"taxonomy":"category","embeddable":true,"href":"https:\/\/www.europesays.com\/fr\/wp-json\/wp\/v2\/categories?post=226639"},{"taxonomy":"post_tag","embeddable":true,"href":"https:\/\/www.europesays.com\/fr\/wp-json\/wp\/v2\/tags?post=226639"}],"curies":[{"name":"wp","href":"https:\/\/api.w.org\/{rel}","templated":true}]}}