{"id":226643,"date":"2025-07-04T22:10:17","date_gmt":"2025-07-04T22:10:17","guid":{"rendered":"https:\/\/www.europesays.com\/fr\/226643\/"},"modified":"2025-07-04T22:10:17","modified_gmt":"2025-07-04T22:10:17","slug":"fabio-quartararo-declenche-la-colere-chez-yamaha-un-avertissement-severe-enflamme-la-quete-de-gloire-de-lequipe","status":"publish","type":"post","link":"https:\/\/www.europesays.com\/fr\/226643\/","title":{"rendered":"Fabio Quartararo d\u00e9clenche la col\u00e8re chez Yamaha : un avertissement s\u00e9v\u00e8re enflamme la qu\u00eate de gloire de l&rsquo;\u00e9quipe."},"content":{"rendered":"<p>Yamaha Racing : La bataille pour la victoire en MotoGP s\u2019intensifie  <\/p>\n<p>Yamaha Racing traverse une p\u00e9riode tumultueuse dans le monde du MotoGP, avec le pilote vedette Fabio Quartararo peinant \u00e0 convertir les positions de pole en victoires, suscitant des rumeurs sur un d\u00e9part potentiel. Malgr\u00e9 les d\u00e9fis, Paolo Pavesio, le directeur sportif de l\u2019\u00e9quipe, reste cat\u00e9gorique sur le fait qu\u2019ils n\u2019ont pas besoin des ultimatums de Quartararo pour aspirer au succ\u00e8s.  <\/p>\n<p>Dans une r\u00e9cente interview, Pavesio a reconnu les difficult\u00e9s de l\u2019\u00e9quipe, d\u00e9clarant : \u00ab\u00a0Cette ann\u00e9e a \u00e9t\u00e9 un peu turbulente. Nous avons montr\u00e9 de bonnes performances plus t\u00f4t que pr\u00e9vu, mais nous devons les confirmer. Il y a eu des conditions qui ont certainement aid\u00e9 \u00e0 r\u00e9soudre nos probl\u00e8mes d\u2019adh\u00e9rence.\u00a0\u00bb Interrog\u00e9 sur les exigences de Quartararo concernant les victoires sous peine de d\u00e9part, Pavesio a d\u00e9clar\u00e9 avec d\u00e9fi : \u00ab\u00a0Honn\u00eatement, nous n\u2019avons pas besoin d\u2019interviews pour nous motiver \u00e0 revenir au sommet. Nous sommes pleinement conscients de la t\u00e2che \u00e0 accomplir.\u00a0\u00bb  <\/p>\n<p>Au milieu des tensions et de l\u2019examen des m\u00e9dias, Yamaha est r\u00e9solu dans ses efforts pour persuader Quartararo de rester, prolongeant son contrat jusqu\u2019en 2026 et mettant en \u0153uvre un plan d\u2019investissement ambitieux. Pavesio a soulign\u00e9 : \u00ab\u00a0Bien s\u00fbr, nous voulons faire de ce projet un succ\u00e8s. C\u2019est pourquoi nous investissons.\u00a0\u00bb L\u2019\u00e9quipe a renforc\u00e9 ses rangs en engageant Max Bartolini, ancien de Ducati, comme nouveau directeur technique et en formant un partenariat cl\u00e9 avec Pramac pour aligner quatre motos en 2026.  <\/p>\n<p>L\u2019entreprise la plus significative est le d\u00e9veloppement d\u2019un nouveau moteur V4, r\u00e9cemment test\u00e9 par Andrea Dovizioso et Augusto Fernandez \u00e0 Barcelone. Pavesio a fait preuve de confiance, d\u00e9clarant : \u00ab\u00a0Nous faisons de notre mieux pour am\u00e9liorer la M1. En m\u00eame temps, nous avons un autre projet en cours. Nous savons ce que nous faisons. Fabio le sait.\u00a0\u00bb Le test ultime r\u00e9side maintenant dans la traduction de cette confiance en victoires sur la piste.<\/p>\n<p>Alors que Yamaha Racing navigue \u00e0 travers des d\u00e9fis internes et des pressions externes, la d\u00e9termination de l\u2019\u00e9quipe \u00e0 retrouver sa position au sommet du MotoGP reste in\u00e9branlable. Le terrain est pr\u00e9par\u00e9 pour une bataille acharn\u00e9e pour la supr\u00e9matie dans le monde de la course de motos.  <\/p>\n<p>Cet article remani\u00e9 offre une nouvelle perspective sur la comp\u00e9tition intense et les man\u0153uvres strat\u00e9giques au sein de Yamaha Racing alors qu\u2019ils luttent pour la victoire dans l\u2019ar\u00e8ne du MotoGP.<\/p>\n","protected":false},"excerpt":{"rendered":"Yamaha Racing : La bataille pour la victoire en MotoGP s\u2019intensifie Yamaha Racing traverse une p\u00e9riode tumultueuse dans&hellip;\n","protected":false},"author":2,"featured_media":226644,"comment_status":"","ping_status":"","sticky":false,"template":"","format":"standard","meta":{"footnotes":""},"categories":[1413],"tags":[1680,1011,27,1457,1456,60],"class_list":{"0":"post-226643","1":"post","2":"type-post","3":"status-publish","4":"format-standard","5":"has-post-thumbnail","7":"category-moto","8":"tag-fabio-quartararo","9":"tag-fr","10":"tag-france","11":"tag-moto","12":"tag-motocycle","13":"tag-sports"},"share_on_mastodon":{"url":"https:\/\/pubeurope.com\/@fr\/114797256655225331","error":""},"_links":{"self":[{"href":"https:\/\/www.europesays.com\/fr\/wp-json\/wp\/v2\/posts\/226643","targetHints":{"allow":["GET"]}}],"collection":[{"href":"https:\/\/www.europesays.com\/fr\/wp-json\/wp\/v2\/posts"}],"about":[{"href":"https:\/\/www.europesays.com\/fr\/wp-json\/wp\/v2\/types\/post"}],"author":[{"embeddable":true,"href":"https:\/\/www.europesays.com\/fr\/wp-json\/wp\/v2\/users\/2"}],"replies":[{"embeddable":true,"href":"https:\/\/www.europesays.com\/fr\/wp-json\/wp\/v2\/comments?post=226643"}],"version-history":[{"count":0,"href":"https:\/\/www.europesays.com\/fr\/wp-json\/wp\/v2\/posts\/226643\/revisions"}],"wp:featuredmedia":[{"embeddable":true,"href":"https:\/\/www.europesays.com\/fr\/wp-json\/wp\/v2\/media\/226644"}],"wp:attachment":[{"href":"https:\/\/www.europesays.com\/fr\/wp-json\/wp\/v2\/media?parent=226643"}],"wp:term":[{"taxonomy":"category","embeddable":true,"href":"https:\/\/www.europesays.com\/fr\/wp-json\/wp\/v2\/categories?post=226643"},{"taxonomy":"post_tag","embeddable":true,"href":"https:\/\/www.europesays.com\/fr\/wp-json\/wp\/v2\/tags?post=226643"}],"curies":[{"name":"wp","href":"https:\/\/api.w.org\/{rel}","templated":true}]}}