{"id":226645,"date":"2025-07-04T22:11:23","date_gmt":"2025-07-04T22:11:23","guid":{"rendered":"https:\/\/www.europesays.com\/fr\/226645\/"},"modified":"2025-07-04T22:11:23","modified_gmt":"2025-07-04T22:11:23","slug":"formule-2-dams-confirme-sa-belle-forme-a-silverstone","status":"publish","type":"post","link":"https:\/\/www.europesays.com\/fr\/226645\/","title":{"rendered":"Formule 2. DAMS confirme sa belle forme \u00e0 Silverstone"},"content":{"rendered":"<p><a href=\"https:\/\/lemans.maville.com\/sport\/detail_-formule-2.-jak-crawford-dams-prend-la-4e-place-de-la-course-principale-en-autriche-_52734-6876938_actu.Htm?utm_source=troove&amp;utm_medium=site\" target=\"_self\" rel=\"nofollow noopener\">Apr\u00e8s un week-end prolifique en Autriche, avec 15\u00a0points marqu\u00e9s lors de la course principale<\/a>, l\u2019Am\u00e9ricain Jak Crawford (20\u00a0ans) a termin\u00e9 \u00e0 la 3e place de la session de qualifications du Grand Prix de Grande-Bretagne, ce vendredi 4 juillet sur le circuit de Silverstone, \u00e0 240\u00a0dixi\u00e8mes de Victor Martins (Art Grand Prix), meilleur temps de la s\u00e9ance.<\/p>\n<p>Son co\u00e9quipier indien Kush Maini a connu, lui, une demi-heure plus compliqu\u00e9e et se classe 9e. Sans doute \u00e0 cause d\u2019un probl\u00e8me qui l\u2019a contraint \u00e0 quitter la piste, alors que la s\u00e9ance avait d\u00e9but\u00e9 depuis moins de huit minutes. Mais cela lui permettra de partir depuis la 2e place gr\u00e2ce \u00e0 la r\u00e8gle de la grille invers\u00e9e, dimanche.<\/p>\n<p>\u00c0 noter que le drapeau rouge a \u00e9t\u00e9 agit\u00e9 quelques minutes apr\u00e8s le t\u00eate \u00e0 queue \u00e0 l\u2019entr\u00e9e du virage 17\u00a0du pilote Belge Amaury Cordeel, \u00e0 18\u00a0minutes du terme. Rendez-vous samedi pour la course sprint \u00e0 14h05, et dimanche pour la course principale, \u00e0 12h.<\/p>\n<p><strong>Lire aussi\u00a0: <\/strong> <a href=\"https:\/\/lemans.maville.com\/sport\/detail_-formule-2.-journee-compliquee-pour-jak-crawford-et-dams-en-autriche-_14-6876242_actu.Htm?utm_source=troove&amp;utm_medium=site\" target=\"_self\" rel=\"nofollow noopener\">Formule 2. Journ\u00e9e compliqu\u00e9e pour Jak Crawford et Dams en Autriche<\/a><\/p>\n<p>Pas de miracle en Formule 3<\/p>\n<p>Les semaines se suivent et se ressemblent pour les pilotes en F3. Respectivement 27e et 24e, l\u2019Italien Nicola Lacorte et le P\u00e9ruvien Mat\u00edas Zagazeta ont pein\u00e9. Le petit rayon de soleil provient du Singapourien Christian Ho, au volant de sa monoplace 31, qui est all\u00e9 chercher une 11e place, et \u00e9gale la meilleure performance de l\u2019\u00e9curie cette ann\u00e9e. Le Bulgare Nikola Tsolov (Campos Racing) s\u2019est, quant \u00e0 lui, empar\u00e9 du meilleur temps. Les pilotes retrouveront le tarmac pour la course sprint qui aura lieu samedi, \u00e0 10h10, avant la course principale, dimanche \u00e0 10h25.<\/p>\n<p>\u00a0<\/p>\n","protected":false},"excerpt":{"rendered":"Apr\u00e8s un week-end prolifique en Autriche, avec 15\u00a0points marqu\u00e9s lors de la course principale, l\u2019Am\u00e9ricain Jak Crawford (20\u00a0ans)&hellip;\n","protected":false},"author":2,"featured_media":226646,"comment_status":"","ping_status":"","sticky":false,"template":"","format":"standard","meta":{"footnotes":""},"categories":[1412],"tags":[5742,6041,8845,36507,1451,4988,1452,1453,6796,1454,1455,1011,27,2047,23125,60],"class_list":{"0":"post-226645","1":"post","2":"type-post","3":"status-publish","4":"format-standard","5":"has-post-thumbnail","7":"category-f1","8":"tag-5742","9":"tag-belle","10":"tag-confirme","11":"tag-dams","12":"tag-f1","13":"tag-forme","14":"tag-formula-1","15":"tag-formula1","16":"tag-formule","17":"tag-formule-1","18":"tag-formule1","19":"tag-fr","20":"tag-france","21":"tag-mans","22":"tag-silverstone","23":"tag-sports"},"share_on_mastodon":{"url":"https:\/\/pubeurope.com\/@fr\/114797260581165275","error":""},"_links":{"self":[{"href":"https:\/\/www.europesays.com\/fr\/wp-json\/wp\/v2\/posts\/226645","targetHints":{"allow":["GET"]}}],"collection":[{"href":"https:\/\/www.europesays.com\/fr\/wp-json\/wp\/v2\/posts"}],"about":[{"href":"https:\/\/www.europesays.com\/fr\/wp-json\/wp\/v2\/types\/post"}],"author":[{"embeddable":true,"href":"https:\/\/www.europesays.com\/fr\/wp-json\/wp\/v2\/users\/2"}],"replies":[{"embeddable":true,"href":"https:\/\/www.europesays.com\/fr\/wp-json\/wp\/v2\/comments?post=226645"}],"version-history":[{"count":0,"href":"https:\/\/www.europesays.com\/fr\/wp-json\/wp\/v2\/posts\/226645\/revisions"}],"wp:featuredmedia":[{"embeddable":true,"href":"https:\/\/www.europesays.com\/fr\/wp-json\/wp\/v2\/media\/226646"}],"wp:attachment":[{"href":"https:\/\/www.europesays.com\/fr\/wp-json\/wp\/v2\/media?parent=226645"}],"wp:term":[{"taxonomy":"category","embeddable":true,"href":"https:\/\/www.europesays.com\/fr\/wp-json\/wp\/v2\/categories?post=226645"},{"taxonomy":"post_tag","embeddable":true,"href":"https:\/\/www.europesays.com\/fr\/wp-json\/wp\/v2\/tags?post=226645"}],"curies":[{"name":"wp","href":"https:\/\/api.w.org\/{rel}","templated":true}]}}