{"id":226653,"date":"2025-07-04T22:15:23","date_gmt":"2025-07-04T22:15:23","guid":{"rendered":"https:\/\/www.europesays.com\/fr\/226653\/"},"modified":"2025-07-04T22:15:23","modified_gmt":"2025-07-04T22:15:23","slug":"260-oeuvres-de-jean-michel-othoniel-dans-les-rues-davignon","status":"publish","type":"post","link":"https:\/\/www.europesays.com\/fr\/226653\/","title":{"rendered":"260 \u0153uvres de Jean-Michel Othoniel dans les rues d&rsquo;Avignon"},"content":{"rendered":"<p class=\"editor-content__paragraph\">Alors que le <strong>Festival d\u2019Avignon (du 5\u00a0au 26\u00a0juillet)<\/strong> se profile \u00e0 l\u2019horizon, le rideau se l\u00e8ve sur 260 \u0153uvres r\u00e9parties entre dix sites, du palais des Papes au mus\u00e9e Lapidaire, en passant par les bains Pommer. Ce projet prend racine dans <strong>une commande de la cit\u00e9 des Papes \u00e0 l\u2019artiste acad\u00e9micien.<\/strong><\/p>\n<p class=\"editor-content__paragraph\">Mais aussi dans la rencontre, en 1337, de <strong>l\u2019\u00e9crivain P\u00e9trarque avec Laure de Sade<\/strong>, h\u00e9ro\u00efne de 366\u00a0po\u00e8mes\u00a0: \u00ab\u00a0Mes \u0153uvres sont comme des fragments de ces odes qui en ont inspir\u00e9 d\u2019autres, tels que <strong><a href=\"https:\/\/www.beauxarts.com\/grand-format\/michel-ange-en-3-minutes\/\" target=\"_blank\" rel=\"noopener nofollow\">Michel-Ange<\/a><\/strong>,<a href=\"https:\/\/www.beauxarts.com\/expos\/le-romantisme-hante-par-le-fantome-de-shakespeare\/\" target=\"_blank\" rel=\"noopener nofollow\"><strong> Shakespeare<\/strong><\/a> ou <strong><a href=\"https:\/\/www.beauxarts.com\/expos\/le-cineaste-pier-paolo-pasolini-amoureux-de-peinture-et-icone-des-artistes\/\" target=\"_blank\" rel=\"noopener nofollow\">Pasolini<\/a><\/strong>\u00a0\u00bb, explique celui qui porte l\u2019habit vert et l\u2019\u00e9p\u00e9e depuis 2021. Intitul\u00e9e \u00ab\u00a0OTHONIEL COSMOS ou Les Fant\u00f4mes de l\u2019Amour\u00a0\u00bb, <strong>son exposition refl\u00e8te l\u2019\u00e9tendue de ses passions<\/strong>, pour la litt\u00e9rature, le patrimoine, l\u2019astrologie, les fleurs, les fontaines\u2026<\/p>\n<p>        \u00c0 lire aussi :<br \/>\n        <a class=\"renvoi-explicite__link\" href=\"https:\/\/www.beauxarts.com\/grand-format\/un-nouveau-musee-fragonard-tisse-lhistoire-de-la-mode-et-du-costume-a-arles\/\" rel=\"nofollow noopener\" target=\"_blank\">Un nouveau mus\u00e9e Fragonard tisse l\u2019histoire de la mode et du costume \u00e0 Arles<\/a><\/p>\n<p>Othoniel, directeur artistique<\/p>\n<p>    <img loading=\"lazy\" decoding=\"async\" class=\"image__img\" src=\"https:\/\/www.europesays.com\/fr\/wp-content\/uploads\/2025\/07\/web2025_04_16-othoniel103128_hd-964x1283.jpg\" alt=\"Organiques, brillantes et \u00e9nigmatiques, les sculptures en obsidienne d\u2019Othoniel, inspir\u00e9es des roches volcaniques des \u00eeles \u00c9oliennes, contrastent avec les \u0153uvres minimalistes de la Collection Lambert \u2013 ici &lt;em&gt;Invisibility Face #1&lt;\/em&gt; (2015) devant &lt;em&gt;Wall Drawing #538&lt;\/em&gt; (1987) de Sol Lewitt. Pourtant, une m\u00eame \u00e9pure s\u2019en d\u00e9gage.\" width=\"964\" height=\"1283\"\/><\/p>\n<p>Organiques, brillantes et \u00e9nigmatiques, les sculptures en obsidienne d\u2019Othoniel, inspir\u00e9es des roches volcaniques des \u00eeles \u00c9oliennes, contrastent avec les \u0153uvres minimalistes de la Collection Lambert \u2013 ici Invisibility Face #1 (2015) devant Wall Drawing #538 (1987) de Sol Lewitt. Pourtant, une m\u00eame \u00e9pure s\u2019en d\u00e9gage.<\/p>\n<p>    i<\/p>\n<p class=\"legende__cartel\">\u00a9 Photo Fran\u00e7ois Deladerri\u00e8re<\/p>\n<p class=\"editor-content__paragraph\">Dans le cadre de ce vaste projet, Jean-Michel Othoniel a \u00e9galement jou\u00e9 <strong>le r\u00f4le de directeur artistique<\/strong>\u00a0; ce qui se ressent particuli\u00e8rement dans les salles de la Collection Lambert, dont il a choisi des pi\u00e8ces \u00e0 mettre en regard avec ses cr\u00e9ations. Le mariage entre ses briques de verre bleues mont\u00e9es en escalier et un dallage g\u00e9om\u00e9trique de <a href=\"https:\/\/www.beauxarts.com\/grand-format\/le-sculpteur-minimaliste-carl-andre-qui-fut-accuse-du-meurtre-dana-mendieta-est-mort-a-88-ans\/\" target=\"_blank\" rel=\"noopener nofollow\"><strong>Carl Andr\u00e9<\/strong><\/a> appara\u00eet comme une \u00e9vidence.<\/p>\n<p class=\"editor-content__paragraph\">S\u2019il est, a priori, impossible d\u2019installer quoi que ce soit dans la salle enti\u00e8rement peinte par <a href=\"https:\/\/www.beauxarts.com\/grand-format\/sol-lewitt-en-2-minutes\/\" target=\"_blank\" rel=\"noopener nofollow\"><strong>Sol LeWitt<\/strong><\/a> (Wall Drawing #538 : On Four Walls, Continuous with Color Ink Washes Superimposed (1987)), Othoniel est l\u2019exception qui confirme la r\u00e8gle\u00a0: sa sculpture en obsidienne refl\u00e8te le mural, cr\u00e9ant ainsi <strong>une troisi\u00e8me \u0153uvre \u00e0 contempler.<\/strong><\/p>\n<p class=\"editor-content__paragraph\">Unique vestige du couvent o\u00f9 P\u00e9trarque rencontra Laure de Sade, <strong>la chapelle Sainte-Claire<\/strong> a servi de point de d\u00e9part \u00e0 Jean-Michel Othoniel, conquis par la plume de <strong>l\u2019humaniste italien<\/strong>\u00a0: \u00ab\u00a0Comme une perle blanche, sertie d\u2019or \/ rampant ou marchant d\u2019un pas h\u00e9sitant \/ elle rendait vert, clair \/ et doux, le bois, l\u2019eau, la terre et la pierre.\u00a0\u00bb Derri\u00e8re une grille, que l\u2019acad\u00e9micien a fait repeindre en dor\u00e9, se dresse un c\u0153ur monumental en verre rouge, symbole d\u2019un amour inaccessible\u00a0: sa muse \u00e9tait mari\u00e9e.<\/p>\n<p>    <img loading=\"lazy\" decoding=\"async\" class=\"image__img\" src=\"https:\/\/www.europesays.com\/fr\/wp-content\/uploads\/2025\/07\/mod2025_94_15-othoniel103016_hd-964x1283.jpg\" alt=\"Jean-Michel Othoniel, \u00ab\u00a0La Croix des Bateliers\u00a0\u00bb \u00e0 Avignon\" width=\"964\" height=\"1283\"\/><\/p>\n<p>Jean-Michel Othoniel, \u00ab\u00a0La Croix des Bateliers\u00a0\u00bb \u00e0 Avignon<\/p>\n<p>    i<\/p>\n<p class=\"legende__cartel\">\u00a9 Franc\u0327ois Deladerriere<\/p>\n<p class=\"editor-content__paragraph\">Le c\u0153ur battant du projet n\u2019en demeure pas moins, ne serait-ce que par son \u00e9tendue, le palais des Papes, dont <strong>15\u00a0lieux et chambres abritent 106 \u0153uvres in\u00e9dites<\/strong>, sur 133\u00a0au total. Dans le clo\u00eetre cr\u00e9\u00e9 sous le pontificat de Beno\u00eet XII, se dresse une pi\u00e8ce de 10\u00a0m\u00e8tres intitul\u00e9e L\u2019Astrolabe. Les <strong>briques en inox poli-miroir<\/strong> qui habillent l\u2019\u0153uvre Yardang (terme qui d\u00e9signe une cr\u00eate rocheuse form\u00e9e dans un milieu d\u00e9sertique) se fondent discr\u00e8tement dans le d\u00e9cor de la chambre antique du cam\u00e9rier. Poissons\u00a0? B\u00e9lier\u00a0?<\/p>\n<p class=\"editor-content__paragraph\"><strong>Levez la t\u00eate et cherchez votre signe astrologique<\/strong> parmi les douze sculptures suspendues au plafond de la chambre de parement. Ce parcours dans le parcours, c\u2019est aussi l\u2019occasion pour Othoniel de d\u00e9voiler au public <strong>une soixantaine de peintures \u00e0 l\u2019encre inspir\u00e9es de son herbier merveilleux<\/strong>, s\u00e9rie dont les derni\u00e8res pi\u00e8ces sont actuellement montr\u00e9es au centre d\u2019art La Malmaison, \u00e0 Cannes.<\/p>\n<p class=\"editor-content__paragraph\">Parlant herbier, celui du naturaliste fran\u00e7ais <strong>Esprit Requien<\/strong> (1888\u20131951), conserv\u00e9 dans l\u2019h\u00f4tel de Raph\u00e9lis de Soissan, compterait entre <strong>150\u00a0et 300\u00a0000\u00a0plantes.<\/strong> Dans ce charmant \u00e9crin se trouve une salle rouge garance (la fleur d\u2019Avignon)\u00a0; et dans cet espac des dessins pr\u00e9paratoires, des maquettes, des planches enlumin\u00e9es de l\u2019artiste dialoguent avec les plus beaux exemplaires des collections du mus\u00e9e. <strong>L\u2019ode \u00e0 la nature<\/strong> se poursuit, un num\u00e9ro plus loin, dans la cour et le jardin du mus\u00e9e Calvet, \u00e0 travers<strong> des architectures en perles g\u00e9antes dont la forme \u00e9voque des fleurs.<\/strong><\/p>\n<p>        \u00c0 lire aussi :<br \/>\n        <a class=\"renvoi-explicite__link\" href=\"https:\/\/www.beauxarts.com\/lifestyle\/en-reponse-a-lexpo-xxl-de-jean-michel-othoniel-un-spectacle-de-danse-signe-carolyn-carlson-au-palais-des-papes\/\" rel=\"nofollow noopener\" target=\"_blank\">En r\u00e9ponse \u00e0 l\u2019expo XXL de Jean-Michel Othoniel, un spectacle de danse sign\u00e9 Carolyn Carlson au Palais des papes<\/a><\/p>\n<p>Coup de foudre au mus\u00e9e du Petit Palais \u2013 Louvre en Avignon<\/p>\n<p>    <img loading=\"lazy\" decoding=\"async\" class=\"image__img\" src=\"https:\/\/www.europesays.com\/fr\/wp-content\/uploads\/2025\/07\/web2025_04_16-othoniel103206hd-964x1283.jpg\" alt=\"&lt;em&gt;Le Tombeau de l\u2019amour&lt;\/em&gt; (2025), c\u00e9notaphe d\u2019acier et de verre indien miroit\u00e9 bleu glacier et champagne, est pr\u00e9sent\u00e9 dans la chapelle Saint-Martial.\" width=\"964\" height=\"1283\"\/><\/p>\n<p>Le Tombeau de l\u2019amour (2025), c\u00e9notaphe d\u2019acier et de verre indien miroit\u00e9 bleu glacier et champagne, est pr\u00e9sent\u00e9 dans la chapelle Saint-Martial.<\/p>\n<p>    i<\/p>\n<p class=\"legende__cartel\">\u00a9 Photo Fran\u00e7ois Deladerri\u00e8re<\/p>\n<p class=\"editor-content__paragraph\">M\u00e9taphore des sentiments d\u00e9bordants, <strong>l\u2019eau traverse l\u2019exposition<\/strong>, \u00e0 l\u2019instar du Rh\u00f4ne qui irrigue avec puissance la ville. Inaugur\u00e9s le 20\u00a0juin, les bains Pommer, mus\u00e9e qui retrace <strong>l\u2019\u00e9volution des pratiques hygi\u00e9nistes de la Belle \u00c9poque aux ann\u00e9es 1970<\/strong>, accueille douze fontaines de verre dans autant d\u2019ex-cabines de soins. Nombre de rencontres amoureuses se cristallisent au bord d\u2019un bassin. Avec sa Fontaine des d\u00e9lices encastr\u00e9e dans la fontaine au griffon, command\u00e9e en 1345\u00a0par Cl\u00e9ment VI au pied de la tour du Pape, <strong>Jean-Michel Othoniel surfe po\u00e9tiquement sur ce topos romantique<\/strong>.<\/p>\n<p class=\"editor-content__paragraph\">Coup de foudre, de notre c\u00f4t\u00e9, pour l\u2019accrochage d\u00e9ploy\u00e9 <strong>au mus\u00e9e du Petit Palais \u2013 Louvre en Avignon<\/strong>, qui abrite l\u2019un des ensembles de peintures italiennes les plus coh\u00e9rents d\u2019Europe en dehors de l\u2019Italie. \u00ab\u00a0Je vois dans la t\u00eate nimb\u00e9e d\u2019un saint comme une \u00e9clipse. J\u2019ai toujours r\u00eav\u00e9 d\u2019explorer ce motif\u00a0\u00bb, confie le plasticien qui a imagin\u00e9 <strong>des disques de verre finement souffl\u00e9s et incrust\u00e9s d\u2019or<\/strong>, dont la fragilit\u00e9 contraste avec la corporalit\u00e9 de ses Precious Stonewalls ou Wonder Blocks. La disposition de chaque groupe reprend la composition d\u2019une toile voisine. Les correspondances ne sautent pas toujours aux yeux, <strong> ce qui rend la qu\u00eate d\u2019autant plus s\u00e9duisante<\/strong>. \u00ab\u00a0\u00c0 force, vous ne verrez plus que des aur\u00e9oles dans les tableaux alentour\u00a0\u00bb. L\u2019artiste dit vrai\u2026<\/p>\n<p>        \u00c0 lire aussi :<br \/>\n        <a class=\"renvoi-explicite__link\" href=\"https:\/\/www.beauxarts.com\/grand-format\/jean-michel-othoniel-a-avignon-la-beaute-sauvera-le-monde\/\" rel=\"nofollow noopener\" target=\"_blank\">Jean-Michel Othoniel \u00e0 Avignon : \u00ab\u00a0La beaut\u00e9 sauvera le monde !\u00a0\u00bb<\/a><\/p>\n<p>  Arrow<\/p>\n<p>Othoniel \u2013 Cosmos ou les fant\u00f4mes de l\u2019amour<\/p>\n<p>Du 28 juin 2025 au 4 janvier 2026<br \/>Dans tout Avignon<\/p>\n<p class=\"url-expo\"><a href=\"https:\/\/othoniel-cosmos.com\/\" rel=\"nofollow noopener\" target=\"_blank\">othoniel-cosmos.com<\/a><\/p>\n","protected":false},"excerpt":{"rendered":"Alors que le Festival d\u2019Avignon (du 5\u00a0au 26\u00a0juillet) se profile \u00e0 l\u2019horizon, le rideau se l\u00e8ve sur 260&hellip;\n","protected":false},"author":2,"featured_media":226654,"comment_status":"","ping_status":"","sticky":false,"template":"","format":"standard","meta":{"footnotes":""},"categories":[1358],"tags":[1396,1348,1384,1385,1386,58,59,1011,27,8093,20612,36508],"class_list":{"0":"post-226653","1":"post","2":"type-post","3":"status-publish","4":"format-standard","5":"has-post-thumbnail","7":"category-arts-et-design","8":"tag-art-contemporain","9":"tag-arts","10":"tag-arts-and-design","11":"tag-arts-et-design","12":"tag-design","13":"tag-divertissement","14":"tag-entertainment","15":"tag-fr","16":"tag-france","17":"tag-installation","18":"tag-jean-michel-othoniel","19":"tag-palais-des-papes"},"share_on_mastodon":{"url":"https:\/\/pubeurope.com\/@fr\/114797276372286457","error":""},"_links":{"self":[{"href":"https:\/\/www.europesays.com\/fr\/wp-json\/wp\/v2\/posts\/226653","targetHints":{"allow":["GET"]}}],"collection":[{"href":"https:\/\/www.europesays.com\/fr\/wp-json\/wp\/v2\/posts"}],"about":[{"href":"https:\/\/www.europesays.com\/fr\/wp-json\/wp\/v2\/types\/post"}],"author":[{"embeddable":true,"href":"https:\/\/www.europesays.com\/fr\/wp-json\/wp\/v2\/users\/2"}],"replies":[{"embeddable":true,"href":"https:\/\/www.europesays.com\/fr\/wp-json\/wp\/v2\/comments?post=226653"}],"version-history":[{"count":0,"href":"https:\/\/www.europesays.com\/fr\/wp-json\/wp\/v2\/posts\/226653\/revisions"}],"wp:featuredmedia":[{"embeddable":true,"href":"https:\/\/www.europesays.com\/fr\/wp-json\/wp\/v2\/media\/226654"}],"wp:attachment":[{"href":"https:\/\/www.europesays.com\/fr\/wp-json\/wp\/v2\/media?parent=226653"}],"wp:term":[{"taxonomy":"category","embeddable":true,"href":"https:\/\/www.europesays.com\/fr\/wp-json\/wp\/v2\/categories?post=226653"},{"taxonomy":"post_tag","embeddable":true,"href":"https:\/\/www.europesays.com\/fr\/wp-json\/wp\/v2\/tags?post=226653"}],"curies":[{"name":"wp","href":"https:\/\/api.w.org\/{rel}","templated":true}]}}