{"id":226671,"date":"2025-07-04T22:25:18","date_gmt":"2025-07-04T22:25:18","guid":{"rendered":"https:\/\/www.europesays.com\/fr\/226671\/"},"modified":"2025-07-04T22:25:18","modified_gmt":"2025-07-04T22:25:18","slug":"deux-touristes-tuees-par-un-elephant-lors-dun-safari","status":"publish","type":"post","link":"https:\/\/www.europesays.com\/fr\/226671\/","title":{"rendered":"Deux touristes tu\u00e9es par un \u00e9l\u00e9phant lors d\u2019un safari"},"content":{"rendered":"<p>En <a href=\"https:\/\/www.20minutes.fr\/dossier\/zambie\" class=\"color-ultramarine c-link\" target=\"_blank\" rel=\"noopener\">Zambie<\/a> ce jeudi, deux touristes ont \u00e9t\u00e9 tu\u00e9es par un <a href=\"https:\/\/www.20minutes.fr\/dossier\/elephant\" class=\"color-ultramarine c-link\" target=\"_blank\" rel=\"noopener\">\u00e9l\u00e9phant<\/a>. D\u2019apr\u00e8s <a href=\"https:\/\/apnews.com\/article\/elephant-tourists-killed-zambia-c047655a941a28341f5652c4a7f1982d\" target=\"_blank\" class=\"color-ultramarine c-link\" rel=\"noopener\">Associated Press<\/a>, les victimes, une N\u00e9o-Z\u00e9landaise de 67 ans et une Britannique de 68 ans, effectuaient un <a href=\"https:\/\/www.20minutes.fr\/dossier\/safari\" class=\"color-ultramarine c-link\" target=\"_blank\" rel=\"noopener\">safari<\/a> \u00e0 pied dans le parc national\u00a0de South Luangwa, dans l\u2019est du pays, quand elles ont \u00e9t\u00e9 attaqu\u00e9es par l\u2019animal.<\/p>\n<p>D\u2019apr\u00e8s les premiers \u00e9l\u00e9ments, l\u2019\u00e9l\u00e9phante se trouvait avec son petit. Elle s\u2019est peut-\u00eatre sentie menac\u00e9e et, pour prot\u00e9ger son enfant, aurait attaqu\u00e9 les touristes, qui faisaient partie d\u2019un groupe.\u00a0Les guides du safari ont tent\u00e9 d\u2019emp\u00eacher, en vain, l\u2019\u00e9l\u00e9phant de charger les femmes en tirant sur lui. L\u2019<a href=\"https:\/\/www.20minutes.fr\/planete\/animaux\/\" class=\"color-ultramarine c-link\" target=\"_blank\" rel=\"noopener\">animal<\/a> a \u00e9t\u00e9\u00a0bless\u00e9 par les coups de feu.<\/p>\n<p>Deux attaques mortelles l\u2019ann\u00e9e derni\u00e8re<\/p>\n<p>En juin\u00a02024, <a href=\"https:\/\/www.20minutes.fr\/monde\/4097521-20240621-zambie-touriste-americaine-morte-pietinee-elephant\" class=\"color-ultramarine c-link\" target=\"_blank\" rel=\"noopener\">une touriste am\u00e9ricaine avait elle aussi trouv\u00e9 la mort en plein safari<\/a>, pi\u00e9tin\u00e9e par un \u00e9l\u00e9phant. La femme de 64 ans\u00a0se trouvait avec un groupe de visiteurs dans un v\u00e9hicule \u00e0 l\u2019arr\u00eat, non loin d\u2019un troupeau d\u2019\u00e9l\u00e9phants. Subitement, l\u2019un d\u2019eux a attaqu\u00e9 le v\u00e9hicule, projetant l\u2019Am\u00e9ricaine au sol et la pi\u00e9tinant.<\/p>\n<\/p>\n<p>Trois mois plus t\u00f4t, dans le parc national de Kafue, un autre groupe de <a href=\"https:\/\/www.20minutes.fr\/dossier\/tourisme\" class=\"color-ultramarine c-link\" target=\"_blank\" rel=\"noopener\">touristes<\/a> am\u00e9ricains avait \u00e9t\u00e9 victime d\u2019une attaque similaire. Un homme de 80 ans avait \u00e9t\u00e9 tu\u00e9 et cinq autres personnes avaient \u00e9t\u00e9 gri\u00e8vement bless\u00e9es.<\/p>\n","protected":false},"excerpt":{"rendered":"En Zambie ce jeudi, deux touristes ont \u00e9t\u00e9 tu\u00e9es par un \u00e9l\u00e9phant. D\u2019apr\u00e8s Associated Press, les victimes, une&hellip;\n","protected":false},"author":2,"featured_media":226672,"comment_status":"","ping_status":"","sticky":false,"template":"","format":"standard","meta":{"footnotes":""},"categories":[5],"tags":[47,11,5777,118,1011,27,14,74,12,19095,28,36509],"class_list":{"0":"post-226671","1":"post","2":"type-post","3":"status-publish","4":"format-standard","5":"has-post-thumbnail","7":"category-international","8":"tag-actualite","9":"tag-actualites","10":"tag-elephant","11":"tag-faits-divers","12":"tag-fr","13":"tag-france","14":"tag-international","15":"tag-monde","16":"tag-news","17":"tag-safari","18":"tag-world","19":"tag-zambie"},"share_on_mastodon":{"url":"https:\/\/pubeurope.com\/@fr\/114797315835528416","error":""},"_links":{"self":[{"href":"https:\/\/www.europesays.com\/fr\/wp-json\/wp\/v2\/posts\/226671","targetHints":{"allow":["GET"]}}],"collection":[{"href":"https:\/\/www.europesays.com\/fr\/wp-json\/wp\/v2\/posts"}],"about":[{"href":"https:\/\/www.europesays.com\/fr\/wp-json\/wp\/v2\/types\/post"}],"author":[{"embeddable":true,"href":"https:\/\/www.europesays.com\/fr\/wp-json\/wp\/v2\/users\/2"}],"replies":[{"embeddable":true,"href":"https:\/\/www.europesays.com\/fr\/wp-json\/wp\/v2\/comments?post=226671"}],"version-history":[{"count":0,"href":"https:\/\/www.europesays.com\/fr\/wp-json\/wp\/v2\/posts\/226671\/revisions"}],"wp:featuredmedia":[{"embeddable":true,"href":"https:\/\/www.europesays.com\/fr\/wp-json\/wp\/v2\/media\/226672"}],"wp:attachment":[{"href":"https:\/\/www.europesays.com\/fr\/wp-json\/wp\/v2\/media?parent=226671"}],"wp:term":[{"taxonomy":"category","embeddable":true,"href":"https:\/\/www.europesays.com\/fr\/wp-json\/wp\/v2\/categories?post=226671"},{"taxonomy":"post_tag","embeddable":true,"href":"https:\/\/www.europesays.com\/fr\/wp-json\/wp\/v2\/tags?post=226671"}],"curies":[{"name":"wp","href":"https:\/\/api.w.org\/{rel}","templated":true}]}}