{"id":226673,"date":"2025-07-04T22:26:10","date_gmt":"2025-07-04T22:26:10","guid":{"rendered":"https:\/\/www.europesays.com\/fr\/226673\/"},"modified":"2025-07-04T22:26:10","modified_gmt":"2025-07-04T22:26:10","slug":"pour-ecarter-un-danger-immediat-des-gendarmes-francais-crevent-une-embarcation-gonflable-avec-des-migrants-a-bord-liberation","status":"publish","type":"post","link":"https:\/\/www.europesays.com\/fr\/226673\/","title":{"rendered":"\u00ab pour \u00e9carter un danger imm\u00e9diat \u00bb, des gendarmes fran\u00e7ais cr\u00e8vent une embarcation gonflable avec des migrants \u00e0 bord \u2013 Lib\u00e9ration"},"content":{"rendered":"<p class=\"sc-ksZaOG ehjQrN text-element\">Les images, d\u00e9voil\u00e9es ce vendredi 4 juillet par la presse britannique, sont chaotiques. Des gendarmes fran\u00e7ais ont \u00e9ventr\u00e9 avec des couteaux des canots pneumatiques bond\u00e9s <a href=\"https:\/\/www.liberation.fr\/international\/pres-de-9-000-morts-en-2024-il-ny-a-jamais-eu-autant-de-deces-sur-les-routes-migratoires-dans-le-monde-20250321_7BGFIF2XQVE2XJJF5IUKH6NSY4\/\" target=\"_blank\" rel=\"noreferrer noopener\" title=\"https:\/\/www.liberation.fr\/international\/pres-de-9-000-morts-en-2024-il-ny-a-jamais-eu-autant-de-deces-sur-les-routes-migratoires-dans-le-monde-20250321_7BGFIF2XQVE2XJJF5IUKH6NSY4\/\">d\u2019hommes, de femmes et d\u2019enfants<\/a> sur la plage de Saint-Etienne au Mont, au sud de Boulogne-sur-Mer, dans le Pas-de-Calais. Une centaine de migrants venaient de prendre la mer, en direction du Royaume-Uni, <a href=\"https:\/\/www.bbc.com\/news\/articles\/c5ygjjxjlplo\" target=\"_blank\" rel=\"noreferrer noopener\" title=\"https:\/\/www.bbc.com\/news\/articles\/c5ygjjxjlplo\">relatent nos confr\u00e8res de la BBC<\/a>, pr\u00e9sents lors des faits. Sur la plage, un groupe de gendarmes \u00e9taient rest\u00e9s immobiles, expliquant qu\u2019ils n\u2019\u00e9taient pas en mesure d\u2019intervenir, faute d\u2019un danger imminent pour les personnes \u00e0 bord.<\/p>\n<p class=\"sc-ksZaOG ehjQrN text-element\">Mais \u00e0 quelques m\u00e8tres du rivage, l\u2019embarcation, <a href=\"https:\/\/www.liberation.fr\/societe\/immigration\/traversee-de-la-manche-une-femme-et-un-enfant-retrouves-morts-apres-le-naufrage-dun-canot-20250521_AG6VA3XBY5GL5LLQX5EFRAR5DU\/\" target=\"_blank\" rel=\"noreferrer noopener\" title=\"https:\/\/www.liberation.fr\/societe\/immigration\/traversee-de-la-manche-une-femme-et-un-enfant-retrouves-morts-apres-le-naufrage-dun-canot-20250521_AG6VA3XBY5GL5LLQX5EFRAR5DU\/\">chahut\u00e9e par de puissantes vagues<\/a>, aurait commenc\u00e9 \u00e0 montrer des signes de d\u00e9tresse. Des dizaines d\u2019autres personnes, \u00e9quip\u00e9es de gilets de sauvetage orange, ont alors tent\u00e9 de monter elles aussi \u00e0 son bord, risquant de faire chavirer le navire, comme on peut le voir sur la vid\u00e9o du m\u00e9dia public britannique. Des passagers se sont alors mis \u00e0 crier. De mani\u00e8re tr\u00e8s inhabituelle, les policiers fran\u00e7ais pr\u00e9sents ont alors d\u00e9cid\u00e9 d\u2019intervenir.<\/p>\n<p class=\"sc-ksZaOG ehjQrN text-element\">La vid\u00e9o les montre en train d\u2019enlever leurs gilets pare-balles, d\u00e9poser leurs \u00e9quipements dans la voiture, sortir un petit couteau et se pr\u00e9cipiter \u00e0 l\u2019eau. Une fois \u00e0 proximit\u00e9 du canot, un policier l\u2019a alors \u00e9ventr\u00e9, afin d\u2019emp\u00eacher les candidats \u00e0 l\u2019asile britannique de poursuivre leur route. Tous ont pu regagner la plage apr\u00e8s avoir vainement tent\u00e9 de protester.<\/p>\n<p class=\"sc-ksZaOG ehjQrN text-element\">Le bateau a \u00e9t\u00e9 tir\u00e9 jusqu\u2019\u00e0 la plage par les policiers pendant que les personnes d\u00e9barqu\u00e9es se sont enfuies vers les dunes pour tenter de reprendre un bus \u00e0 destination <a href=\"https:\/\/www.liberation.fr\/societe\/deux-fusillades-en-deux-jours-dans-un-camp-de-migrants-a-louest-de-dunkerque-20250616_6TWPFIIYXNHT7IATVMZ3X6JDCQ\/\" target=\"_blank\" rel=\"noreferrer noopener\" title=\"https:\/\/www.liberation.fr\/societe\/deux-fusillades-en-deux-jours-dans-un-camp-de-migrants-a-louest-de-dunkerque-20250616_6TWPFIIYXNHT7IATVMZ3X6JDCQ\/\">des camps de migrants<\/a> situ\u00e9s plus au nord, rapporte la BBC. Le 13 juin dernier, <a href=\"https:\/\/www.tf1info.fr\/justice-faits-divers\/verif-calais-des-policiers-ont-ils-intercepte-des-migrants-en-mer-ce-que-la-loi-interdit-2378169.html\" target=\"_blank\" rel=\"noreferrer noopener\" title=\"https:\/\/www.tf1info.fr\/justice-faits-divers\/verif-calais-des-policiers-ont-ils-intercepte-des-migrants-en-mer-ce-que-la-loi-interdit-2378169.html\">relatait TF1 Info,<\/a> les policiers fran\u00e7ais avaient proc\u00e9d\u00e9 \u00e0 l\u2019interception d\u2019une embarcation qui avait \u00e0 peine entam\u00e9 sa travers\u00e9e, sur la plage de Gravelines. Une op\u00e9ration document\u00e9e pareillement document\u00e9e par la presse britannique.<\/p>\n<p class=\"sc-ksZaOG ehjQrN text-element\">Contact\u00e9, le minist\u00e8re de l\u2019Int\u00e9rieur n\u2019a pas souhait\u00e9 faire de commentaire et s\u2019est content\u00e9 de nous renvoyer vers la pr\u00e9fecture du Pas-de-Calais. Laquelle a confirm\u00e9 aupr\u00e8s de Lib\u00e9ration la tenue de cette op\u00e9ration, le 4 juillet vers 8h30. D\u00e9tectant \u00abun danger imm\u00e9diat\u00bb pour les passagers du canot, \u00abun esquif d\u2019\u00e9vidence tr\u00e8s fragile\u00bb, la pr\u00e9fecture assure que les six militaires sont intervenus \u00aben proportionnant la r\u00e9ponse\u00bb afin \u00abd\u2019\u00e9viter la prise de risque aux passagers\u00bb. \u00abAucune personne n\u2019a \u00e9t\u00e9 bless\u00e9e ou n\u2019a n\u00e9cessit\u00e9 une prise en charge par les secours\u00bb, assure encore la pr\u00e9fecture.<\/p>\n<p class=\"sc-ksZaOG ehjQrN text-element\">C\u00f4t\u00e9 Britanniques, le porte-parole officiel du Premier ministre a salu\u00e9 l\u2019action des policiers, qui constitue selon lui un \u00abmoment significatif\u00bb. \u00abNous voulons voir des mesures plus fermes, c\u2019est pr\u00e9cis\u00e9ment l\u2019objectif de notre travail. Ce que vous avez vu en est le r\u00e9sultat\u00bb, a-t-il d\u00e9clar\u00e9.<\/p>\n","protected":false},"excerpt":{"rendered":"Les images, d\u00e9voil\u00e9es ce vendredi 4 juillet par la presse britannique, sont chaotiques. Des gendarmes fran\u00e7ais ont \u00e9ventr\u00e9&hellip;\n","protected":false},"author":2,"featured_media":226674,"comment_status":"","ping_status":"","sticky":false,"template":"","format":"standard","meta":{"footnotes":""},"categories":[4],"tags":[11,1011,27,811,1251,35286,12538,12,25,473],"class_list":{"0":"post-226673","1":"post","2":"type-post","3":"status-publish","4":"format-standard","5":"has-post-thumbnail","7":"category-france","8":"tag-actualites","9":"tag-fr","10":"tag-france","11":"tag-hauts-de-france","12":"tag-migrants","13":"tag-migrants-files","14":"tag-ministere-de-l-interieur","15":"tag-news","16":"tag-republique-francaise","17":"tag-royaume-uni"},"share_on_mastodon":{"url":"https:\/\/pubeurope.com\/@fr\/114797319619631875","error":""},"_links":{"self":[{"href":"https:\/\/www.europesays.com\/fr\/wp-json\/wp\/v2\/posts\/226673","targetHints":{"allow":["GET"]}}],"collection":[{"href":"https:\/\/www.europesays.com\/fr\/wp-json\/wp\/v2\/posts"}],"about":[{"href":"https:\/\/www.europesays.com\/fr\/wp-json\/wp\/v2\/types\/post"}],"author":[{"embeddable":true,"href":"https:\/\/www.europesays.com\/fr\/wp-json\/wp\/v2\/users\/2"}],"replies":[{"embeddable":true,"href":"https:\/\/www.europesays.com\/fr\/wp-json\/wp\/v2\/comments?post=226673"}],"version-history":[{"count":0,"href":"https:\/\/www.europesays.com\/fr\/wp-json\/wp\/v2\/posts\/226673\/revisions"}],"wp:featuredmedia":[{"embeddable":true,"href":"https:\/\/www.europesays.com\/fr\/wp-json\/wp\/v2\/media\/226674"}],"wp:attachment":[{"href":"https:\/\/www.europesays.com\/fr\/wp-json\/wp\/v2\/media?parent=226673"}],"wp:term":[{"taxonomy":"category","embeddable":true,"href":"https:\/\/www.europesays.com\/fr\/wp-json\/wp\/v2\/categories?post=226673"},{"taxonomy":"post_tag","embeddable":true,"href":"https:\/\/www.europesays.com\/fr\/wp-json\/wp\/v2\/tags?post=226673"}],"curies":[{"name":"wp","href":"https:\/\/api.w.org\/{rel}","templated":true}]}}