{"id":226679,"date":"2025-07-04T22:29:21","date_gmt":"2025-07-04T22:29:21","guid":{"rendered":"https:\/\/www.europesays.com\/fr\/226679\/"},"modified":"2025-07-04T22:29:21","modified_gmt":"2025-07-04T22:29:21","slug":"saint-etienne-pioche-a-manchester-city-gros-coup-confirme","status":"publish","type":"post","link":"https:\/\/www.europesays.com\/fr\/226679\/","title":{"rendered":"Saint-Etienne pioche \u00e0 Manchester City, gros coup confirm\u00e9"},"content":{"rendered":"<p><strong>L\u2019AS Saint-Etienne s\u2019est offert<br \/>\nune pointure de Manchester City.<\/strong><\/p>\n<p>Dix-septi\u00e8me de l\u2019exercice 2024-2025 de Ligue 1, l\u2019AS<br \/>\nSaint-Etienne \u00e9voluera en Ligue 2 la saison prochaine. D\u00e9sireux de<br \/>\nremont\u00e9e rapidement dans l\u2019\u00e9lite du football fran\u00e7ais, les Verts<br \/>\ncontinue d\u2019\u00e9toffer son staff autour d\u2019Eirik Horneland.<\/p>\n<p>D\u2019apr\u00e8s le m\u00e9dia ici Saint-\u00c9tienne Loire, un petit<br \/>\nnouveau a \u00e9t\u00e9 aper\u00e7u ces derniers jours \u00e0 Chambon-sur-Lignon, o\u00f9<br \/>\nles St\u00e9phanois effectuent leur premier stage de pr\u00e9paration. Il<br \/>\ns\u2019agit de Donough Holohan.<\/p>\n<blockquote class=\"twitter-tweet\"><p><a class=\"twitter-link\" rel=\"noindex, nofollow noopener\" href=\"https:\/\/twitter.com\/sports_fr\/status\/1941101442602778890\" target=\"_blank\"><\/p><\/blockquote>\n<p>Deux nouveaux pr\u00e9parateurs physiques sont aussi arriv\u00e9s<\/p>\n<p>Ce dernier a \u00e9t\u00e9 nomm\u00e9 directeur de la performance, un poste qui<br \/>\nn\u2019existait pas jusqu\u2019\u00e0 pr\u00e9sent \u00e0 Saint-Etienne. L\u2019Irlandais a<br \/>\ncollabor\u00e9 avec plusieurs clubs anglais, dont West Ham, Charlton et<br \/>\nDerby, avant d\u2019\u00eatre recrut\u00e9 en 2012 par Manchester City.<\/p>\n<p>Directeur de la performance chez les Citizens, Donough Holohan a<br \/>\nquitt\u00e9 le club mancunien en avril dernier. L\u2019ASSE a \u00e9galement<br \/>\n\u00e9toff\u00e9 son staff avec de nouveaux pr\u00e9parateurs physiques: David<br \/>\nTivey, pass\u00e9 notamment par Chelsea, et Calum Daley, qui officiait<br \/>\nau sein de l\u2019\u00e9quipe f\u00e9minine de Charlton.<\/p>\n<p><script async src=\"https:\/\/platform.twitter.com\/widgets.js\" charset=\"utf-8\"><\/script><\/p>\n","protected":false},"excerpt":{"rendered":"L\u2019AS Saint-Etienne s\u2019est offert une pointure de Manchester City. Dix-septi\u00e8me de l\u2019exercice 2024-2025 de Ligue 1, l\u2019AS Saint-Etienne&hellip;\n","protected":false},"author":2,"featured_media":226680,"comment_status":"","ping_status":"","sticky":false,"template":"","format":"standard","meta":{"footnotes":""},"categories":[9653],"tags":[1111,11,2430,2113,1777,674,1011,27,12,25,4001],"class_list":{"0":"post-226679","1":"post","2":"type-post","3":"status-publish","4":"format-standard","5":"has-post-thumbnail","7":"category-saint-etienne","8":"tag-actu","9":"tag-actualites","10":"tag-auvergne-rhone-alpes","11":"tag-breve","12":"tag-eu","13":"tag-europe","14":"tag-fr","15":"tag-france","16":"tag-news","17":"tag-republique-francaise","18":"tag-saint-etienne"},"share_on_mastodon":{"url":"https:\/\/pubeurope.com\/@fr\/114797331495933421","error":""},"_links":{"self":[{"href":"https:\/\/www.europesays.com\/fr\/wp-json\/wp\/v2\/posts\/226679","targetHints":{"allow":["GET"]}}],"collection":[{"href":"https:\/\/www.europesays.com\/fr\/wp-json\/wp\/v2\/posts"}],"about":[{"href":"https:\/\/www.europesays.com\/fr\/wp-json\/wp\/v2\/types\/post"}],"author":[{"embeddable":true,"href":"https:\/\/www.europesays.com\/fr\/wp-json\/wp\/v2\/users\/2"}],"replies":[{"embeddable":true,"href":"https:\/\/www.europesays.com\/fr\/wp-json\/wp\/v2\/comments?post=226679"}],"version-history":[{"count":0,"href":"https:\/\/www.europesays.com\/fr\/wp-json\/wp\/v2\/posts\/226679\/revisions"}],"wp:featuredmedia":[{"embeddable":true,"href":"https:\/\/www.europesays.com\/fr\/wp-json\/wp\/v2\/media\/226680"}],"wp:attachment":[{"href":"https:\/\/www.europesays.com\/fr\/wp-json\/wp\/v2\/media?parent=226679"}],"wp:term":[{"taxonomy":"category","embeddable":true,"href":"https:\/\/www.europesays.com\/fr\/wp-json\/wp\/v2\/categories?post=226679"},{"taxonomy":"post_tag","embeddable":true,"href":"https:\/\/www.europesays.com\/fr\/wp-json\/wp\/v2\/tags?post=226679"}],"curies":[{"name":"wp","href":"https:\/\/api.w.org\/{rel}","templated":true}]}}