{"id":226699,"date":"2025-07-04T22:40:31","date_gmt":"2025-07-04T22:40:31","guid":{"rendered":"https:\/\/www.europesays.com\/fr\/226699\/"},"modified":"2025-07-04T22:40:31","modified_gmt":"2025-07-04T22:40:31","slug":"grosse-operation-de-police-pour-interpeller-un-forcene-retranche-dans-son-appartement-a-rennes","status":"publish","type":"post","link":"https:\/\/www.europesays.com\/fr\/226699\/","title":{"rendered":"Grosse op\u00e9ration de police pour interpeller un forcen\u00e9 retranch\u00e9 dans son appartement \u00e0 Rennes"},"content":{"rendered":"<p>Gros d\u00e9ploiement de forces de l\u2019ordre dans le quartier de Villejean jeudi 3 juillet en d\u00e9but d\u2018apr\u00e8s-midi. Un homme retranch\u00e9 dans son appartement d\u2019un immeuble rue de Flandres jetait des objets par la fen\u00eatre. Alert\u00e9e par des voisins, la police est rapidement intervenue sur place a appris Le T\u00e9l\u00e9gramme &#8211; confirmant une information de Rennes Infos Autrement.<\/p>\n<p>Apr\u00e8s avoir essay\u00e9 de parlementer, les agents ont pu rentrer dans l\u2019appartement et rapidement ma\u00eetris\u00e9 l\u2018homme qui n\u2019\u00e9tait pas mena\u00e7ant. Inconnu des services de police, il a ensuite \u00e9t\u00e9 plac\u00e9 en garde \u00e0 vue.<\/p>\n","protected":false},"excerpt":{"rendered":"Gros d\u00e9ploiement de forces de l\u2019ordre dans le quartier de Villejean jeudi 3 juillet en d\u00e9but d\u2018apr\u00e8s-midi. Un&hellip;\n","protected":false},"author":2,"featured_media":226700,"comment_status":"","ping_status":"","sticky":false,"template":"","format":"standard","meta":{"footnotes":""},"categories":[2821],"tags":[1111,11,829,1777,674,3383,1011,27,12,584,25],"class_list":{"0":"post-226699","1":"post","2":"type-post","3":"status-publish","4":"format-standard","5":"has-post-thumbnail","7":"category-rennes","8":"tag-actu","9":"tag-actualites","10":"tag-bretagne","11":"tag-eu","12":"tag-europe","13":"tag-faits-divers-a-rennes","14":"tag-fr","15":"tag-france","16":"tag-news","17":"tag-rennes","18":"tag-republique-francaise"},"share_on_mastodon":{"url":"https:\/\/pubeurope.com\/@fr\/114797374624083648","error":""},"_links":{"self":[{"href":"https:\/\/www.europesays.com\/fr\/wp-json\/wp\/v2\/posts\/226699","targetHints":{"allow":["GET"]}}],"collection":[{"href":"https:\/\/www.europesays.com\/fr\/wp-json\/wp\/v2\/posts"}],"about":[{"href":"https:\/\/www.europesays.com\/fr\/wp-json\/wp\/v2\/types\/post"}],"author":[{"embeddable":true,"href":"https:\/\/www.europesays.com\/fr\/wp-json\/wp\/v2\/users\/2"}],"replies":[{"embeddable":true,"href":"https:\/\/www.europesays.com\/fr\/wp-json\/wp\/v2\/comments?post=226699"}],"version-history":[{"count":0,"href":"https:\/\/www.europesays.com\/fr\/wp-json\/wp\/v2\/posts\/226699\/revisions"}],"wp:featuredmedia":[{"embeddable":true,"href":"https:\/\/www.europesays.com\/fr\/wp-json\/wp\/v2\/media\/226700"}],"wp:attachment":[{"href":"https:\/\/www.europesays.com\/fr\/wp-json\/wp\/v2\/media?parent=226699"}],"wp:term":[{"taxonomy":"category","embeddable":true,"href":"https:\/\/www.europesays.com\/fr\/wp-json\/wp\/v2\/categories?post=226699"},{"taxonomy":"post_tag","embeddable":true,"href":"https:\/\/www.europesays.com\/fr\/wp-json\/wp\/v2\/tags?post=226699"}],"curies":[{"name":"wp","href":"https:\/\/api.w.org\/{rel}","templated":true}]}}