{"id":226711,"date":"2025-07-04T22:48:26","date_gmt":"2025-07-04T22:48:26","guid":{"rendered":"https:\/\/www.europesays.com\/fr\/226711\/"},"modified":"2025-07-04T22:48:26","modified_gmt":"2025-07-04T22:48:26","slug":"nee-au-mans-sofia-a-disparu-a-nantes-depuis-plusieurs-jours-avec-lune-de-ses-amies","status":"publish","type":"post","link":"https:\/\/www.europesays.com\/fr\/226711\/","title":{"rendered":"N\u00e9e au Mans, Sofia a disparu \u00e0 Nantes depuis plusieurs jours avec l&rsquo;une de ses amies"},"content":{"rendered":"<p>            Par<br \/>\n        <strong><br \/>\n            <a href=\"https:\/\/actu.fr\/auteur\/julie-hurisse\" title=\"Consulter tous les articles de Julie Hurisse\" rel=\"nofollow noopener\" target=\"_blank\">Julie Hurisse<\/a><br \/>\n        <\/strong><\/p>\n<p>        Publi\u00e9 le<\/p>\n<p>            4 juil. 2025 \u00e0 16h58        <\/p>\n<p>Sofia et Djouliana, deux adolescentes de Nantes (Loire-Atlantique) sont introuvables depuis <b>jeudi 26 juin 2025<\/b>. Sofia est n\u00e9e au Mans (Sarthe) d\u2019o\u00f9 ses parents sont originaires. Son p\u00e8re y a v\u00e9cu 28 ans avant de prendre la direction de Nantes.\u00a0<\/p>\n<p>Un enqu\u00eate ouverte pour disparition inqui\u00e9tante<\/p>\n<p class=\" wall-content\">Les deux jeunes filles de 14 et 15 ans n\u2019ont plus donn\u00e9 de nouvelles \u00e0 leurs proches depuis une soir\u00e9e \u00e0 Nantes, jeudi 26 juin.<\/p>\n<p class=\" wall-content\">Selon <a href=\"https:\/\/actu.fr\/pays-de-la-loire\/nantes_44109\/reviens-moi-vite-le-pere-d-une-des-deux-ados-disparues-a-nantes-lance-un-appel-a-sa-fille_62856825.html\" rel=\"nofollow noopener\" target=\"_blank\">Actu Nantes<\/a>, le procureur de Nantes, Antoine Leroy a ouvert une enqu\u00eate pour disparition inqui\u00e9tante, ce <b>mardi 1er\u00a0juillet<\/b>.<\/p>\n<p class=\" wall-content\">Selon lui, les deux jeunes filles ont \u00ab\u00a0\u2009fugu\u00e9 ensemble\u2009\u00a0\u00bb, sans \u00ab\u00a0\u2009rien d\u2019inqui\u00e9tant au d\u00e9but\u2009\u00a0\u00bb, les parents et les policiers les ayant localis\u00e9es \u00ab\u00a0\u2009en divers lieux\u2009\u00a0\u00bb. Leurs t\u00e9l\u00e9phones ont born\u00e9 en divers endroits de la r\u00e9gion nantaise.<\/p>\n<p class=\" wall-content\">Toutefois, \u00ab\u00a0\u2009la dur\u00e9e de cette fugue a fini par inqui\u00e9ter, et le commissariat est donc saisi de disparitions inqui\u00e9tantes\u2009\u00a0\u00bb, a-t-il expliqu\u00e9 \u00e0 Actu Nantes.\u00a0<\/p>\n<p>Vid\u00e9os : en ce moment sur ActuUn appel de Sylvain \u00e0 sa fille Sofia<\/p>\n<p class=\" wall-content\">Son p\u00e8re a lanc\u00e9 un appel \u00e0 sa fille, via nos coll\u00e8gues d\u2019Actu Nantes<\/p>\n<blockquote class=\"ac-article-quote wall-content\">\n<p>Ma Mercredi, chaque jour sans toi me laisse un vide immense. Ta spontan\u00e9it\u00e9. Ta voix douce. Ta mani\u00e8re passionn\u00e9e de t\u2019exprimer en gesticulant comme une italienne. Ton regard per\u00e7ant. Ta d\u00e9termination. Ta voix plus forte dans tes moments de col\u00e8re. Tu me manques profond\u00e9ment. Reviens-moi vite ma Mercredi. Ton papa qui t\u2019aime.<\/p>\n<p>Sylvain D.<\/p><\/blockquote>\n<p class=\" wall-content\">L\u2019enqu\u00eate se poursuit. Ce <b>vendredi 4 juillet <\/b>en d\u00e9but d\u2019apr\u00e8s-midi, le Manceau \u00e9tait toujours sans nouvelle de sa fille.\u00a0<\/p>\n<p class=\" wall-content\">Suivez toute l\u2019actualit\u00e9 de vos villes et m\u00e9dias favoris en vous inscrivant \u00e0 <a href=\"https:\/\/moncompte.actu.fr\" title=\"D\u00e9couvez Mon Actu\" rel=\"nofollow noopener\" data-trk=\"{&quot;cta&quot;:{&quot;action&quot;:&quot;https:\\\/\\\/moncompte.actu.fr&quot;,&quot;category&quot;:&quot;mon compte&quot;,&quot;from&quot;:&quot;article footer&quot;,&quot;name&quot;:&quot;Mon actu&quot;,&quot;type&quot;:&quot;cta&quot;}}\" target=\"_blank\">Mon Actu<\/a>.<\/p>\n<ul class=\"ac-article-tag wall-content\">\n<li><a href=\"https:\/\/actu.fr\/tag\/disparition\" data-trk=\"{&quot;cta&quot;:{&quot;action&quot;:&quot;Disparition inqui\\u00e9tante&quot;,&quot;category&quot;:&quot;tag&quot;,&quot;from&quot;:&quot;article footer&quot;,&quot;name&quot;:&quot;Disparition inqui\\u00e9tante&quot;,&quot;type&quot;:&quot;cta&quot;}}\" rel=\"nofollow noopener\" target=\"_blank\">#Disparition inqui\u00e9tante<\/a><\/li>\n<\/ul>\n","protected":false},"excerpt":{"rendered":"Par Julie Hurisse Publi\u00e9 le 4 juil. 2025 \u00e0 16h58 Sofia et Djouliana, deux adolescentes de Nantes (Loire-Atlantique)&hellip;\n","protected":false},"author":2,"featured_media":226712,"comment_status":"","ping_status":"","sticky":false,"template":"","format":"standard","meta":{"footnotes":""},"categories":[2818],"tags":[1111,11,3676,1777,674,118,1011,27,766,12,2636,25],"class_list":{"0":"post-226711","1":"post","2":"type-post","3":"status-publish","4":"format-standard","5":"has-post-thumbnail","7":"category-nantes","8":"tag-actu","9":"tag-actualites","10":"tag-disparition-inquietante","11":"tag-eu","12":"tag-europe","13":"tag-faits-divers","14":"tag-fr","15":"tag-france","16":"tag-nantes","17":"tag-news","18":"tag-pays-de-la-loire","19":"tag-republique-francaise"},"share_on_mastodon":{"url":"https:\/\/pubeurope.com\/@fr\/114797406057834721","error":""},"_links":{"self":[{"href":"https:\/\/www.europesays.com\/fr\/wp-json\/wp\/v2\/posts\/226711","targetHints":{"allow":["GET"]}}],"collection":[{"href":"https:\/\/www.europesays.com\/fr\/wp-json\/wp\/v2\/posts"}],"about":[{"href":"https:\/\/www.europesays.com\/fr\/wp-json\/wp\/v2\/types\/post"}],"author":[{"embeddable":true,"href":"https:\/\/www.europesays.com\/fr\/wp-json\/wp\/v2\/users\/2"}],"replies":[{"embeddable":true,"href":"https:\/\/www.europesays.com\/fr\/wp-json\/wp\/v2\/comments?post=226711"}],"version-history":[{"count":0,"href":"https:\/\/www.europesays.com\/fr\/wp-json\/wp\/v2\/posts\/226711\/revisions"}],"wp:featuredmedia":[{"embeddable":true,"href":"https:\/\/www.europesays.com\/fr\/wp-json\/wp\/v2\/media\/226712"}],"wp:attachment":[{"href":"https:\/\/www.europesays.com\/fr\/wp-json\/wp\/v2\/media?parent=226711"}],"wp:term":[{"taxonomy":"category","embeddable":true,"href":"https:\/\/www.europesays.com\/fr\/wp-json\/wp\/v2\/categories?post=226711"},{"taxonomy":"post_tag","embeddable":true,"href":"https:\/\/www.europesays.com\/fr\/wp-json\/wp\/v2\/tags?post=226711"}],"curies":[{"name":"wp","href":"https:\/\/api.w.org\/{rel}","templated":true}]}}