{"id":226715,"date":"2025-07-04T22:50:13","date_gmt":"2025-07-04T22:50:13","guid":{"rendered":"https:\/\/www.europesays.com\/fr\/226715\/"},"modified":"2025-07-04T22:50:13","modified_gmt":"2025-07-04T22:50:13","slug":"bordeaux-p2-tapia-en-larmes-apres-un-match-irrespirable-jai-vraiment-souffert","status":"publish","type":"post","link":"https:\/\/www.europesays.com\/fr\/226715\/","title":{"rendered":"Bordeaux P2 \u2013 Tapia en larmes apr\u00e8s un match irrespirable : \u201cJ\u2019ai vraiment souffert\u201d"},"content":{"rendered":"<p>Il y a des victoires qui laissent des traces, m\u00eame chez les plus grands. Agust\u00edn Tapia, pourtant habitu\u00e9 aux sommets du padel mondial, a laiss\u00e9 \u00e9clater son \u00e9motion apr\u00e8s une victoire arrach\u00e9e dans des conditions extr\u00eames, en quart de finale du Bordeaux P2.<\/p>\n<p>Avec Arturo Coello, son co\u00e9quipier, le prodige argentin est venu \u00e0 bout de Momo Gonz\u00e1lez et Jon Sanz au terme d\u2019un combat d\u2019une intensit\u00e9 rare. Une rencontre \u00e9lectrique, marqu\u00e9e par de nombreuses bascules \u00e9motionnelles, o\u00f9 la paire hispano-argentine a d\u00fb <strong>sauver trois balles de match<\/strong> pour finalement s\u2019imposer au mental.<\/p>\n<p>Au moment de rejoindre les bancs apr\u00e8s la balle de match victorieuse, Tapia s\u2019est effondr\u00e9 en larmes, visiblement submerg\u00e9 par la tension accumul\u00e9e. Allong\u00e9 sur le sol, les yeux humides, il a re\u00e7u les encouragements de Coello, son partenaire, et de l\u2019\u00e9quipe technique. Ce moment fort a rapidement fait le tour des r\u00e9seaux sociaux, illustrant \u00e0 quel point ce match avait \u00e9t\u00e9 un v\u00e9ritable ascenseur \u00e9motionnel pour les joueurs.<\/p>\n<p><img title=\"Larmes Tapia agustin bordeaux P2 | Padel Magazine\" loading=\"lazy\" decoding=\"async\" width=\"1024\" height=\"576\" src=\"https:\/\/www.europesays.com\/fr\/wp-content\/uploads\/2025\/07\/33659607_Roma_Major_Yasmine_Akki_20250704_131211-1024x576.jpg\" alt=\"Larmes Tapia agustin bordeaux P2\" class=\"wp-image-263274\"  \/>Cr\u00e9dit  Premier  Padel<\/p>\n<p>Interrog\u00e9 au micro de <strong>Barbara Vitantonio<\/strong>, Tapia n\u2019a pas cherch\u00e9 \u00e0 masquer son trouble :<\/p>\n<blockquote class=\"wp-block-quote is-layout-flow wp-block-quote-is-layout-flow\">\n<p><strong>\u201cJ\u2019\u00e9tais extr\u00eamement nerveux aujourd\u2019hui. J\u2019ai pass\u00e9 un moment tr\u00e8s difficile sur le terrain. Je veux f\u00e9liciter nos adversaires pour leur niveau de jeu, et remercier Arturo. Ce match compte \u00e9norm\u00e9ment pour nous.\u201d<\/strong><\/p>\n<\/blockquote>\n<p>Malgr\u00e9 son immense palmar\u00e8s, le natif de Catamarca montre une fois de plus que le padel reste avant tout une affaire de passion et de d\u00e9passement de soi, quel que soit le niveau du tournoi. M\u00eame un P2, a priori secondaire, peut faire exploser toutes les \u00e9motions quand la pression est maximale.<\/p>\n<p>Et ce n\u2019est pas Arturo Coello qui dira le contraire, \u00e9puis\u00e9 \u00e0 la fin du match, oblig\u00e9 de prendre un long moment \u00e0 la fin du match, pour reprendre ses esprits.<\/p>\n<p><img title=\"Arturo Coello \u00e9puis\u00e9 concentr\u00e9 | Padel Magazine\" loading=\"lazy\" decoding=\"async\" width=\"1024\" height=\"576\" src=\"https:\/\/www.europesays.com\/fr\/wp-content\/uploads\/2025\/07\/33659614_Roma_Major_Yasmine_Akki_20250704_131215-1-1024x576.jpg\" alt=\"Arturo Coello \u00e9puis\u00e9 concentr\u00e9\" class=\"wp-image-263273\"  \/>Cr\u00e9dit  Premier Padel<\/p>\n<p>Gr\u00e2ce \u00e0 cette victoire, Tapia et Coello <strong>acc\u00e8dent au dernier carr\u00e9<\/strong>, o\u00f9 ils retrouveront <strong>Paquito Navarro et Lucas Bergamini<\/strong>, tombeurs de Yanguas et Coki Nieto sur un score net de <strong>6\/4 6\/4<\/strong>.<\/p>\n<p><img loading=\"lazy\" decoding=\"async\" data-del=\"avatar\" alt=\"Franck Binisti\" src=\"https:\/\/www.europesays.com\/fr\/wp-content\/uploads\/2025\/04\/Franck-Binisti-Padel-100x100.jpg\" class=\"avatar pp-user-avatar avatar-100 photo \" height=\"100\" width=\"100\"\/><\/p>\n<p>Franck Binisti d\u00e9couvre le padel au Club des Pyramides en 2009 en r\u00e9gion parisienne. Depuis, le padel fait partie de sa vie. Vous le voyez souvent faire le tour de France en allant couvrir les grands \u00e9v\u00e9nements de padel fran\u00e7ais.<\/p>\n<p class=\"related-title\">Sur le m\u00eame sujet<\/p>\n","protected":false},"excerpt":{"rendered":"Il y a des victoires qui laissent des traces, m\u00eame chez les plus grands. Agust\u00edn Tapia, pourtant habitu\u00e9&hellip;\n","protected":false},"author":2,"featured_media":226716,"comment_status":"","ping_status":"","sticky":false,"template":"","format":"standard","meta":{"footnotes":""},"categories":[2817],"tags":[1111,11,36047,1997,1777,674,1011,27,12,2219,30680,25],"class_list":{"0":"post-226715","1":"post","2":"type-post","3":"status-publish","4":"format-standard","5":"has-post-thumbnail","7":"category-bordeaux","8":"tag-actu","9":"tag-actualites","10":"tag-agustin-tapia","11":"tag-bordeaux","12":"tag-eu","13":"tag-europe","14":"tag-fr","15":"tag-france","16":"tag-news","17":"tag-nouvelle-aquitaine","18":"tag-premier-padel-bordeaux-p2","19":"tag-republique-francaise"},"share_on_mastodon":{"url":"https:\/\/pubeurope.com\/@fr\/114797414967575377","error":""},"_links":{"self":[{"href":"https:\/\/www.europesays.com\/fr\/wp-json\/wp\/v2\/posts\/226715","targetHints":{"allow":["GET"]}}],"collection":[{"href":"https:\/\/www.europesays.com\/fr\/wp-json\/wp\/v2\/posts"}],"about":[{"href":"https:\/\/www.europesays.com\/fr\/wp-json\/wp\/v2\/types\/post"}],"author":[{"embeddable":true,"href":"https:\/\/www.europesays.com\/fr\/wp-json\/wp\/v2\/users\/2"}],"replies":[{"embeddable":true,"href":"https:\/\/www.europesays.com\/fr\/wp-json\/wp\/v2\/comments?post=226715"}],"version-history":[{"count":0,"href":"https:\/\/www.europesays.com\/fr\/wp-json\/wp\/v2\/posts\/226715\/revisions"}],"wp:featuredmedia":[{"embeddable":true,"href":"https:\/\/www.europesays.com\/fr\/wp-json\/wp\/v2\/media\/226716"}],"wp:attachment":[{"href":"https:\/\/www.europesays.com\/fr\/wp-json\/wp\/v2\/media?parent=226715"}],"wp:term":[{"taxonomy":"category","embeddable":true,"href":"https:\/\/www.europesays.com\/fr\/wp-json\/wp\/v2\/categories?post=226715"},{"taxonomy":"post_tag","embeddable":true,"href":"https:\/\/www.europesays.com\/fr\/wp-json\/wp\/v2\/tags?post=226715"}],"curies":[{"name":"wp","href":"https:\/\/api.w.org\/{rel}","templated":true}]}}