{"id":226721,"date":"2025-07-04T22:53:25","date_gmt":"2025-07-04T22:53:25","guid":{"rendered":"https:\/\/www.europesays.com\/fr\/226721\/"},"modified":"2025-07-04T22:53:25","modified_gmt":"2025-07-04T22:53:25","slug":"insolite-creez-votre-embarcation-festive-et-defilez-lors-dune-parade-sur-leau-a-roubaix","status":"publish","type":"post","link":"https:\/\/www.europesays.com\/fr\/226721\/","title":{"rendered":"Insolite. Cr\u00e9ez votre embarcation festive et d\u00e9filez lors d\u2019une parade sur l\u2019eau \u00e0 Roubaix"},"content":{"rendered":"<p>            Par<br \/>\n        <strong><br \/>\n            <a href=\"https:\/\/actu.fr\/auteur\/amandine-vachez\" title=\"Consulter tous les articles de Amandine Vachez\" rel=\"nofollow noopener\" target=\"_blank\">Amandine Vachez<\/a><br \/>\n        <\/strong><\/p>\n<p>        Publi\u00e9 le<\/p>\n<p>            4 juil. 2025 \u00e0 13h52        <\/p>\n<p>C\u2019est un \u00e9v\u00e9nement joyeux et tr\u00e8s convivial qui s\u2019annonce, le <b>samedi 12\u00a0juillet 2025 <\/b>\u00e0 <a href=\"https:\/\/actu.fr\/hauts-de-france\/roubaix_59512\" rel=\"nofollow noopener\" target=\"_blank\"><b>Roubaix<\/b><\/a> (Nord). Une <b>parade sur l\u2019eau<\/b> est pr\u00e9vue sur le canal. Celles et ceux qui le souhaitent peuvent participer, en <b>personnalisant leur<\/b> <b>embarcation<\/b>\u2009! Pr\u00e9cisions.<\/p>\n<p>\u00c0 quel \u00e9quipage l\u2019embarcation la plus festive\u2009?<\/p>\n<p class=\" wall-content\">Cet \u00e9v\u00e9nement est organis\u00e9 \u00e0 l\u2019occasion du festival Pile au RDV, qui s\u2019ouvre le 5 juillet et se tient jusqu\u2019au 12. Cette parade sur l\u2019eau fait donc partie des \u00e9v\u00e9nements qui cl\u00f4turent le festival (en plus d\u2019un concert et DJ set et d\u2019une projection-d\u00e9bat*). Et elle s\u2019annonce exceptionnelle\u2009! L\u2019\u00e9v\u00e9nement est organis\u00e9 en partenariat avec Vive l\u2019Eau Pagaie Club de Roubaix. \u00ab\u2009On vous embarque pour <b>un moment cr\u00e9atif, festif et 100\u2009% aquatique sur le canal de Roubaix<\/b>\u2009!\u2009\u00bb, est-il annonc\u00e9 par la Condition Publique, structure instigatrice du festival.<\/p>\n<p class=\" wall-content\">En famille, entre amis, coll\u00e8gues ou voisins\u2009: <b>formez votre \u00e9quipage, imaginez votre embarcation<\/b>, cr\u00e9ez, d\u00e9corez la \u00e0 votre image\u2026 et venez d\u00e9filer sur l\u2019eau avec style et bonne humeur\u2009!<\/p>\n<p class=\" wall-content\">Un<b> jury r\u00e9compensera les trois embarcations les plus festives<\/b>, selon ces crit\u00e8res\u2009:<\/p>\n<ul class=\" wall-content\">\n<li>Flottabilit\u00e9 avant tout\u2009: votre embarcation doit rester \u00e0 la surface (et vous avec\u2009!),<\/li>\n<li>Esth\u00e9tique\u2009: originalit\u00e9, couleurs, cr\u00e9ativit\u00e9,<\/li>\n<li>Technique\u2009: solidit\u00e9, maniabilit\u00e9, s\u00e9curit\u00e9.<\/li>\n<\/ul>\n<p>Vid\u00e9os : en ce moment sur Actu<\/p>\n<p class=\" wall-content\">Les participants sont invit\u00e9s \u00e0 inscrire leur projet <b>dans une d\u00e9marche \u00e9coresponsable<\/b>\u2009: \u00ab\u2009r\u00e9duction des d\u00e9chets, r\u00e9cup et recyclage cr\u00e9atif sont \u00e0 l\u2019honneur. Une occasion parfaite de s\u2019amuser tout en sensibilisant, les pieds dans l\u2019eau et le sourire aux l\u00e8vres\u2009!\u2009\u00bb, rappelle l\u2019organisation.<\/p>\n<p>Les r\u00e8gles de base pour participer<\/p>\n<p class=\" wall-content\">C\u00f4t\u00e9 pratique, voici les \u00e9l\u00e9ments \u00e0 avoir en t\u00eate. Il faut\u2009:<\/p>\n<ul class=\" wall-content\">\n<li>Un bateau accueillant de 2 \u00e0 3\u00a0personnes (pr\u00eat de cano\u00ebs sur place),<\/li>\n<li>Des d\u00e9corations \u00e9ph\u00e9m\u00e8res, sans impact ni d\u00e9gradation du mat\u00e9riel,<\/li>\n<li>savoir nager (c\u2019est logiquement obligatoire),<\/li>\n<li>Une tenue adapt\u00e9e, avec chaussures ferm\u00e9es.<\/li>\n<\/ul>\n<p class=\" wall-content\">Les mineurs doivent \u00eatre accompagn\u00e9s d\u2019un adulte. Les participants seront accueillis \u00e0 partir de 9\u2009h au quai de Rouen. La parade aura lieu l\u2019apr\u00e8s-midi, d\u00e8s 14\u2009h. la remise des prix se fera \u00e0 son terme. Pour s\u2019inscrire, c\u2019est via cette adresse mail\u2009: <a href=\"http:\/\/actu.fr\/cdn-cgi\/l\/email-protection#4b292227272e3f3f2e39222e0b272a2824252f223f2224253b3e2927223a3e2e65282426\" rel=\"nofollow noopener\" target=\"_blank\">[email\u00a0protected]<\/a>.<\/p>\n<p>*Plus d\u2019infos\u2009: <a href=\"https:\/\/laconditionpublique.com\/agenda\/parade-sur-l-eau\" rel=\"nofollow noopener\" target=\"_blank\">sur l\u2019\u00e9v\u00e9nement<\/a>, <a href=\"https:\/\/laconditionpublique.com\/agenda\/festival-pile-au-rdv\" rel=\"nofollow noopener\" target=\"_blank\">sur le festival<\/a>.<\/p>\n<p class=\" wall-content\">Suivez toute l\u2019actualit\u00e9 de vos villes et m\u00e9dias favoris en vous inscrivant \u00e0 <a href=\"https:\/\/moncompte.actu.fr\" title=\"D\u00e9couvez Mon Actu\" rel=\"nofollow noopener\" data-trk=\"{&quot;cta&quot;:{&quot;action&quot;:&quot;https:\\\/\\\/moncompte.actu.fr&quot;,&quot;category&quot;:&quot;mon compte&quot;,&quot;from&quot;:&quot;article footer&quot;,&quot;name&quot;:&quot;Mon actu&quot;,&quot;type&quot;:&quot;cta&quot;}}\" target=\"_blank\">Mon Actu<\/a>.<\/p>\n","protected":false},"excerpt":{"rendered":"Par Amandine Vachez Publi\u00e9 le 4 juil. 2025 \u00e0 13h52 C\u2019est un \u00e9v\u00e9nement joyeux et tr\u00e8s convivial qui&hellip;\n","protected":false},"author":2,"featured_media":226722,"comment_status":"","ping_status":"","sticky":false,"template":"","format":"standard","meta":{"footnotes":""},"categories":[2815],"tags":[1111,11,1777,674,1011,27,811,1757,1307,1652,12,25],"class_list":{"0":"post-226721","1":"post","2":"type-post","3":"status-publish","4":"format-standard","5":"has-post-thumbnail","7":"category-lille","8":"tag-actu","9":"tag-actualites","10":"tag-eu","11":"tag-europe","12":"tag-fr","13":"tag-france","14":"tag-hauts-de-france","15":"tag-insolite","16":"tag-lille","17":"tag-loisirs-culture","18":"tag-news","19":"tag-republique-francaise"},"share_on_mastodon":{"url":"https:\/\/pubeurope.com\/@fr\/114797425665547967","error":""},"_links":{"self":[{"href":"https:\/\/www.europesays.com\/fr\/wp-json\/wp\/v2\/posts\/226721","targetHints":{"allow":["GET"]}}],"collection":[{"href":"https:\/\/www.europesays.com\/fr\/wp-json\/wp\/v2\/posts"}],"about":[{"href":"https:\/\/www.europesays.com\/fr\/wp-json\/wp\/v2\/types\/post"}],"author":[{"embeddable":true,"href":"https:\/\/www.europesays.com\/fr\/wp-json\/wp\/v2\/users\/2"}],"replies":[{"embeddable":true,"href":"https:\/\/www.europesays.com\/fr\/wp-json\/wp\/v2\/comments?post=226721"}],"version-history":[{"count":0,"href":"https:\/\/www.europesays.com\/fr\/wp-json\/wp\/v2\/posts\/226721\/revisions"}],"wp:featuredmedia":[{"embeddable":true,"href":"https:\/\/www.europesays.com\/fr\/wp-json\/wp\/v2\/media\/226722"}],"wp:attachment":[{"href":"https:\/\/www.europesays.com\/fr\/wp-json\/wp\/v2\/media?parent=226721"}],"wp:term":[{"taxonomy":"category","embeddable":true,"href":"https:\/\/www.europesays.com\/fr\/wp-json\/wp\/v2\/categories?post=226721"},{"taxonomy":"post_tag","embeddable":true,"href":"https:\/\/www.europesays.com\/fr\/wp-json\/wp\/v2\/tags?post=226721"}],"curies":[{"name":"wp","href":"https:\/\/api.w.org\/{rel}","templated":true}]}}